{"id":3234,"date":"2025-11-05T07:00:30","date_gmt":"2025-11-05T06:00:30","guid":{"rendered":"https:\/\/www.mvaclub.org\/index.php\/2025\/11\/05\/az-indian-motorcycle-bemutatta-a-2026-os-ev-modelljeit\/"},"modified":"2025-11-05T07:00:30","modified_gmt":"2025-11-05T06:00:30","slug":"az-indian-motorcycle-bemutatta-a-2026-os-ev-modelljeit","status":"publish","type":"post","link":"https:\/\/mvaclub.org\/index.php\/2025\/11\/05\/az-indian-motorcycle-bemutatta-a-2026-os-ev-modelljeit\/","title":{"rendered":"Az Indian Motorcycle bemutatta a 2026-os \u00e9v modelljeit!"},"content":{"rendered":"<figure><img decoding=\"async\" src=\"https:\/\/www.mvaclub.org\/wp-content\/uploads\/2025\/11\/scraped_9249.jpg\" alt=\"Az Indian Motorcycle bemutatta a 2026-os \u00e9v modelljeit!\" style=\"width:100%;margin-bottom:1em;\" title=\"\"><\/figure>\n<p>Az Indian Motorcycle bemutatta a 2026-os modell\u00e9v \u00fajdons\u00e1gait, melyek a v\u00e1llalat jelenlegi helyzet\u00e9re tekintettel nem okoztak k\u00fcl\u00f6n\u00f6sebb meglepet\u00e9st. Az amerikai motorker\u00e9kp\u00e1r-gy\u00e1rt\u00f3 \u00e9ppen egy tulajdonosv\u00e1lt\u00e1s k\u00f6zep\u00e9n tart, ami mindig izgalmas \u00e9s kih\u00edv\u00e1sokkal teli id\u0151szakot jelent egy c\u00e9g \u00e9let\u00e9ben. Ennek t\u00fckr\u00e9ben az Indian \u00fagy d\u00f6nt\u00f6tt, hogy a megszokott, j\u00f3l bev\u00e1lt elemekre \u00e9p\u00edtve, ink\u00e1bb a biztons\u00e1gra helyezi a hangs\u00falyt, mintsem hogy radik\u00e1lis \u00faj\u00edt\u00e1sokkal k\u00eds\u00e9rletezzen.<\/p>\n<p>Az \u00faj modell\u00e9v k\u00edn\u00e1lat\u00e1ban a klasszikus vonalak \u00e9s a modern technol\u00f3gia harmonikus kever\u00e9ke uralkodik. Az Indian h\u0171 maradt ahhoz a st\u00edlushoz, amelyet rajong\u00f3i megszoktak \u00e9s megszerettek: az id\u0151tlen diz\u00e1jn, a kiv\u00e1l\u00f3 min\u0151s\u00e9g\u0171 anyagok \u00e9s a robusztus teljes\u00edtm\u00e9ny tov\u00e1bbra is a m\u00e1rka v\u00e9djegyei k\u00f6z\u00e9 tartoznak. Az \u00faj modellek eset\u00e9ben k\u00fcl\u00f6n\u00f6s figyelmet ford\u00edtottak a motorosok k\u00e9nyelm\u00e9re \u00e9s biztons\u00e1g\u00e1ra, ami a korszer\u0171s\u00edtett ergon\u00f3mia \u00e9s az \u00faj biztons\u00e1gi funkci\u00f3k bevezet\u00e9s\u00e9ben is megmutatkozik.<\/p>\n<p>B\u00e1r az Indian most nem rukkolt el\u0151 vadonat\u00faj koncepci\u00f3kkal vagy extravag\u00e1ns megold\u00e1sokkal, a klasszikus modellek friss\u00edt\u00e9sei minden bizonnyal sokak tetsz\u00e9s\u00e9t elnyerik majd. A c\u00e9g c\u00e9lja egy\u00e9rtelm\u0171en az, hogy fenntartsa h\u0171s\u00e9ges v\u00e1s\u00e1rl\u00f3i b\u00e1zis\u00e1t, mik\u00f6zben az \u00faj felhaszn\u00e1l\u00f3k sz\u00e1m\u00e1ra is vonz\u00f3 alternat\u00edv\u00e1t k\u00edn\u00e1ljon a motorker\u00e9kp\u00e1r-piacon.<\/p>\n<p>Az Indian Motorcycle jelenlegi strat\u00e9gi\u00e1ja vil\u00e1gosan t\u00fckr\u00f6zi azt az \u00f3vatoss\u00e1got, amely egy ilyen \u00e1talakul\u00e1si id\u0151szakban sz\u00fcks\u00e9ges. A v\u00e1llalat sz\u00e1m\u00e1ra az elk\u00f6vetkez\u0151 \u00e9vek kulcsfontoss\u00e1g\u00faak lehetnek, hiszen az \u00faj tulajdonosi h\u00e1tt\u00e9r \u00e9s a piaci k\u00f6rnyezet v\u00e1ltoz\u00e1sai \u00faj kih\u00edv\u00e1sok el\u00e9 \u00e1ll\u00edthatj\u00e1k. Azonban a m\u00e1rka hagyom\u00e1nyaira \u00e9s eddigi sikereire alapozva j\u00f3 es\u00e9llyel n\u00e9zhet szembe a j\u00f6v\u0151vel.<\/p>\n<p>A 2026-os modell\u00e9v bemutat\u00f3ja nemcsak a motorker\u00e9kp\u00e1r-rajong\u00f3k, hanem az ipar\u00e1gi elemz\u0151k sz\u00e1m\u00e1ra is izgalmas pillanat volt. Az Indian Motorcycle l\u00e9p\u00e9sei sokat el\u00e1rulnak arr\u00f3l, hogyan k\u00edv\u00e1nja pozicion\u00e1lni mag\u00e1t a k\u00f6vetkez\u0151 \u00e9vekben, mik\u00f6zben pr\u00f3b\u00e1lja meg\u0151rizni egyedi identit\u00e1s\u00e1t \u00e9s piaci szerep\u00e9t. A m\u00e1rka rajong\u00f3i pedig biztosak lehetnek abban, hogy az Indian tov\u00e1bbra is elk\u00f6telezett marad a min\u0151s\u00e9g \u00e9s a motoroz\u00e1s ir\u00e1nti szenved\u00e9ly mellett.<\/p>\n","protected":false},"excerpt":{"rendered":"Az Indian Motorcycle bemutatta a 2026-os modell\u00e9v \u00fajdons\u00e1gait, melyek a v\u00e1llalat jelenlegi helyzet\u00e9re tekintettel nem okoztak k\u00fcl\u00f6n\u00f6sebb meglepet\u00e9st. Az amerikai...","protected":false},"author":11,"featured_media":3233,"comment_status":"open","ping_status":"open","sticky":false,"template":"","format":"standard","meta":{"footnotes":""},"categories":[1],"tags":[1810,192,490,1811,1806],"class_list":["post-3234","post","type-post","status-publish","format-standard","has-post-thumbnail","hentry","category-egyeb","tag-2026-os-modellev","tag-amerikai-motorkerekparok","tag-indian-motorcycle","tag-modellkinalat","tag-tulajdonosvaltas"],"_links":{"self":[{"href":"https:\/\/mvaclub.org\/index.php\/wp-json\/wp\/v2\/posts\/3234","targetHints":{"allow":["GET"]}}],"collection":[{"href":"https:\/\/mvaclub.org\/index.php\/wp-json\/wp\/v2\/posts"}],"about":[{"href":"https:\/\/mvaclub.org\/index.php\/wp-json\/wp\/v2\/types\/post"}],"author":[{"embeddable":true,"href":"https:\/\/mvaclub.org\/index.php\/wp-json\/wp\/v2\/users\/11"}],"replies":[{"embeddable":true,"href":"https:\/\/mvaclub.org\/index.php\/wp-json\/wp\/v2\/comments?post=3234"}],"version-history":[{"count":0,"href":"https:\/\/mvaclub.org\/index.php\/wp-json\/wp\/v2\/posts\/3234\/revisions"}],"wp:featuredmedia":[{"embeddable":true,"href":"https:\/\/mvaclub.org\/index.php\/wp-json\/wp\/v2\/media\/3233"}],"wp:attachment":[{"href":"https:\/\/mvaclub.org\/index.php\/wp-json\/wp\/v2\/media?parent=3234"}],"wp:term":[{"taxonomy":"category","embeddable":true,"href":"https:\/\/mvaclub.org\/index.php\/wp-json\/wp\/v2\/categories?post=3234"},{"taxonomy":"post_tag","embeddable":true,"href":"https:\/\/mvaclub.org\/index.php\/wp-json\/wp\/v2\/tags?post=3234"}],"curies":[{"name":"wp","href":"https:\/\/api.w.org\/{rel}","templated":true}]}}