{"id":3136,"date":"2025-10-29T18:59:19","date_gmt":"2025-10-29T17:59:19","guid":{"rendered":"https:\/\/www.mvaclub.org\/index.php\/2025\/10\/29\/ducati-nagyszabasu-tervek-a-100-evfordulo-unneplesere\/"},"modified":"2025-10-29T18:59:19","modified_gmt":"2025-10-29T17:59:19","slug":"ducati-nagyszabasu-tervek-a-100-evfordulo-unneplesere","status":"publish","type":"post","link":"https:\/\/mvaclub.org\/index.php\/2025\/10\/29\/ducati-nagyszabasu-tervek-a-100-evfordulo-unneplesere\/","title":{"rendered":"Ducati: Nagyszab\u00e1s\u00fa tervek a 100. \u00e9vfordul\u00f3 \u00fcnnepl\u00e9s\u00e9re!"},"content":{"rendered":"<figure><img decoding=\"async\" src=\"https:\/\/www.mvaclub.org\/wp-content\/uploads\/2025\/10\/scraped_5346.png\" alt=\"Ducati: Nagyszab\u00e1s\u00fa tervek a 100. \u00e9vfordul\u00f3 \u00fcnnepl\u00e9s\u00e9re!\" style=\"width:100%;margin-bottom:1em;\" title=\"\"><\/figure>\n<p>2026 k\u00fcl\u00f6nleges \u00e9v lesz a Ducati rajong\u00f3k sz\u00e1m\u00e1ra, hiszen a legend\u00e1s motorker\u00e9kp\u00e1r m\u00e1rka ekkor \u00fcnnepli fenn\u00e1ll\u00e1s\u00e1nak 100. \u00e9vfordul\u00f3j\u00e1t. Az olasz c\u00e9g m\u00e1r most nagy izgalommal tervezi a centen\u00e1riumi \u00fcnneps\u00e9geket, amelyeken a m\u00e1rka t\u00f6rt\u00e9net\u00e9nek legfontosabb pillanatait \u00e9s j\u00f6v\u0151beli c\u00e9ljait is megosztj\u00e1k a k\u00f6z\u00f6ns\u00e9ggel.<\/p>\n<p>A Ducati h\u00edres arr\u00f3l, hogy nemcsak a motorok gy\u00e1rt\u00e1s\u00e1ban, hanem a rajong\u00f3kkal val\u00f3 kapcsolattart\u00e1sban is kiemelked\u0151. Ennek egyik \u00e9kes p\u00e9ld\u00e1ja a World Ducati Week, amely az \u00e9vek sor\u00e1n a m\u00e1rka legnagyobb k\u00f6z\u00f6ss\u00e9gi esem\u00e9ny\u00e9v\u00e9 n\u0151tte ki mag\u00e1t. A tervek szerint ez a rendezv\u00e9ny kap kiemelt szerepet a centen\u00e1riumi \u00fcnneps\u00e9gek sor\u00e1n. A World Ducati Week hagyom\u00e1nyosan egy olyan tal\u00e1lkoz\u00f3, ahol a m\u00e1rka szerelmesei a vil\u00e1g minden t\u00e1j\u00e1r\u00f3l \u00f6sszegy\u0171lnek, hogy megossz\u00e1k szenved\u00e9ly\u00fcket, tapasztalataikat \u00e9s term\u00e9szetesen az \u00faj modellek bemutat\u00e1s\u00e1nak \u00f6r\u00f6m\u00e9t is.<\/p>\n<p>Az \u00fcnnepl\u00e9s sor\u00e1n nemcsak a m\u00faltra, hanem a j\u00f6v\u0151re is nagy hangs\u00falyt fektetnek. A Ducati mindig is a technol\u00f3giai innov\u00e1ci\u00f3 \u00e9lvonal\u00e1ban j\u00e1rt, \u00e9s a j\u00f6v\u0151beni terveik is ezt a szellemis\u00e9get t\u00fckr\u00f6zik majd. A centen\u00e1rium remek alkalom arra, hogy a m\u00e1rka bemutassa leg\u00fajabb fejleszt\u00e9seit, \u00e9s bepillant\u00e1st ny\u00fajtson abba, milyen ir\u00e1nyba k\u00edv\u00e1nj\u00e1k tov\u00e1bbfejleszteni ikonikus motorjaikat.<\/p>\n<p>A Ducati sz\u00e1m\u00e1ra az elm\u00falt k\u00f6zel egy \u00e9vsz\u00e1zad nemcsak a motorok gy\u00e1rt\u00e1s\u00e1r\u00f3l, hanem egy k\u00f6z\u00f6ss\u00e9g \u00e9p\u00edt\u00e9s\u00e9r\u0151l is sz\u00f3lt. A centen\u00e1riumi \u00fcnneps\u00e9gek kiv\u00e1l\u00f3 lehet\u0151s\u00e9get biztos\u00edtanak arra, hogy m\u00e9g szorosabbra f\u0171zz\u00e9k a kapcsolatot a rajong\u00f3kkal, \u00e9s k\u00f6sz\u00f6netet mondjanak mindazoknak, akik hozz\u00e1j\u00e1rultak a m\u00e1rka sikereihez.<\/p>\n<p>Az elk\u00f6vetkez\u0151 \u00e9vekben a Ducati folyamatosan csepegtet majd inform\u00e1ci\u00f3kat a nagyszab\u00e1s\u00fa \u00fcnneps\u00e9gekr\u0151l, \u00edgy \u00e9rdemes lesz figyelemmel k\u00eds\u00e9rni a m\u00e1rka h\u00edreit. A 100. \u00e9vfordul\u00f3 nemcsak a m\u00falt meg\u00fcnnepl\u00e9s\u00e9r\u0151l, hanem a j\u00f6v\u0151 megtervez\u00e9s\u00e9r\u0151l is sz\u00f3l majd, mik\u00f6zben tov\u00e1bbra is a szenved\u00e9ly \u00e9s innov\u00e1ci\u00f3 jegy\u00e9ben haladnak el\u0151re.<\/p>\n","protected":false},"excerpt":{"rendered":"2026 k\u00fcl\u00f6nleges \u00e9v lesz a Ducati rajong\u00f3k sz\u00e1m\u00e1ra, hiszen a legend\u00e1s motorker\u00e9kp\u00e1r m\u00e1rka ekkor \u00fcnnepli fenn\u00e1ll\u00e1s\u00e1nak 100. \u00e9vfordul\u00f3j\u00e1t. Az olasz...","protected":false},"author":11,"featured_media":3135,"comment_status":"open","ping_status":"open","sticky":false,"template":"","format":"standard","meta":{"footnotes":""},"categories":[1],"tags":[677,1154,1346,880,1737],"class_list":["post-3136","post","type-post","status-publish","format-standard","has-post-thumbnail","hentry","category-egyeb","tag-100-evfordulo","tag-aruba-ducati","tag-motorkerekpar-marka","tag-unneples","tag-world-ducati-week"],"_links":{"self":[{"href":"https:\/\/mvaclub.org\/index.php\/wp-json\/wp\/v2\/posts\/3136","targetHints":{"allow":["GET"]}}],"collection":[{"href":"https:\/\/mvaclub.org\/index.php\/wp-json\/wp\/v2\/posts"}],"about":[{"href":"https:\/\/mvaclub.org\/index.php\/wp-json\/wp\/v2\/types\/post"}],"author":[{"embeddable":true,"href":"https:\/\/mvaclub.org\/index.php\/wp-json\/wp\/v2\/users\/11"}],"replies":[{"embeddable":true,"href":"https:\/\/mvaclub.org\/index.php\/wp-json\/wp\/v2\/comments?post=3136"}],"version-history":[{"count":0,"href":"https:\/\/mvaclub.org\/index.php\/wp-json\/wp\/v2\/posts\/3136\/revisions"}],"wp:featuredmedia":[{"embeddable":true,"href":"https:\/\/mvaclub.org\/index.php\/wp-json\/wp\/v2\/media\/3135"}],"wp:attachment":[{"href":"https:\/\/mvaclub.org\/index.php\/wp-json\/wp\/v2\/media?parent=3136"}],"wp:term":[{"taxonomy":"category","embeddable":true,"href":"https:\/\/mvaclub.org\/index.php\/wp-json\/wp\/v2\/categories?post=3136"},{"taxonomy":"post_tag","embeddable":true,"href":"https:\/\/mvaclub.org\/index.php\/wp-json\/wp\/v2\/tags?post=3136"}],"curies":[{"name":"wp","href":"https:\/\/api.w.org\/{rel}","templated":true}]}}