{"id":2797,"date":"2025-10-10T19:01:25","date_gmt":"2025-10-10T17:01:25","guid":{"rendered":"https:\/\/www.mvaclub.org\/index.php\/2025\/10\/10\/himalayan-750-uj-royal-enfield-bemutato-az-eicma-n\/"},"modified":"2025-10-10T19:01:25","modified_gmt":"2025-10-10T17:01:25","slug":"himalayan-750-uj-royal-enfield-bemutato-az-eicma-n","status":"publish","type":"post","link":"https:\/\/mvaclub.org\/index.php\/2025\/10\/10\/himalayan-750-uj-royal-enfield-bemutato-az-eicma-n\/","title":{"rendered":"Himalayan 750: \u00daj Royal Enfield bemutat\u00f3 az EICMA-n!"},"content":{"rendered":"<figure><img decoding=\"async\" src=\"https:\/\/www.mvaclub.org\/wp-content\/uploads\/2025\/10\/img_8066.png\" alt=\"Himalayan 750: \u00daj Royal Enfield bemutat\u00f3 az EICMA-n!\" style=\"width:100%;margin-bottom:1em;\" title=\"\"><\/figure>\n<figure><img decoding=\"async\" src=\"https:\/\/www.mvaclub.org\/wp-content\/uploads\/2025\/10\/img_5700.png\" alt=\"Himalayan 750: \u00daj Royal Enfield bemutat\u00f3 az EICMA-n!\" style=\"width:100%;margin-bottom:1em;\" title=\"\"><\/figure>\n<figure><img decoding=\"async\" src=\"https:\/\/www.mvaclub.org\/wp-content\/uploads\/2025\/10\/img_6872.jpg\" alt=\"Himalayan 750: \u00daj Royal Enfield bemutat\u00f3 az EICMA-n!\" style=\"width:100%;margin-bottom:1em;\" title=\"\"><\/figure>\n<div class=\"related-posts\" style=\"margin:1em 0 1.2em 0;padding:0.8em;border:1px solid #eee;border-radius:6px;background:#fafafa;\"><strong>Kapcsol\u00f3d\u00f3 bejegyz\u00e9sek<\/strong><\/p>\n<ul style=\"margin:0.5em 0 0 1.2em;\">\n<li><a href=\"https:\/\/www.mvaclub.org\/index.php\/2025\/10\/10\/uj-royal-enfield-himalayan-750-leleplezes-az-eicma-n\/\">\u00daj Royal Enfield Himalayan 750: Leleplez\u00e9s az EICMA-n?<\/a><\/li>\n<li><a href=\"https:\/\/www.mvaclub.org\/index.php\/2025\/09\/19\/a-royal-enfield-bemutatta-a-goan-classic-350-brit-arat-es-elerhetoseget\/\">A Royal Enfield bemutatta a Goan Classic 350 brit \u00e1r\u00e1t \u00e9s el\u00e9rhet\u0151s\u00e9g\u00e9t!<\/a><\/li>\n<li><a href=\"https:\/\/www.mvaclub.org\/index.php\/2025\/09\/13\/elso-flying-flea-bolt-helyszine-leleplezodott-a-parizsi-design-heten\/\">Els\u0151 Flying Flea bolt helysz\u00edne leleplez\u0151d\u00f6tt a P\u00e1rizsi Design H\u00e9ten!<\/a><\/li>\n<\/ul>\n<\/div>\n<p>**\u00daj Kir\u00e1ly a Motorok Hegyein: A Royal Enfield Himalayan 750 bemutatkoz\u00e1sa az EICMA-n?**<\/p>\n<p>A motoros vil\u00e1g id\u00e9n \u0151sszel \u00fajra R\u00f3m\u00e1ba tekint, ahol az EICMA, a vil\u00e1g egyik legnagyobb motorki\u00e1ll\u00edt\u00e1sa, megnyitja kapuit. Az esem\u00e9ny minden \u00e9vben izgalmas \u00fajdons\u00e1gokat tartogat a motorrajong\u00f3k sz\u00e1m\u00e1ra, \u00e9s \u00fagy t\u0171nik, id\u00e9n a Royal Enfield is nagy dob\u00e1sra k\u00e9sz\u00fcl. A h\u00edrek szerint m\u00e1r a k\u00f6vetkez\u0151 h\u00f3napban bemutathatj\u00e1k a leg\u00fajabb modellj\u00fcket: a Himalayan 750-et.<\/p>\n<p>A Royal Enfield m\u00e1r r\u00e9g\u00f3ta meghat\u00e1roz\u00f3 szerepl\u0151je a motoros piacnak, k\u00fcl\u00f6n\u00f6sen az adventure, vagyis kalandmotorok szegmens\u00e9ben. Az eddigi Himalayan modellek nagy n\u00e9pszer\u0171s\u00e9gnek \u00f6rvendenek, hiszen kiv\u00e1l\u00f3 terepj\u00e1r\u00e1si k\u00e9pess\u00e9geket k\u00edn\u00e1lnak, mik\u00f6zben megb\u00edzhat\u00f3s\u00e1gukkal \u00e9s el\u00e9rhet\u0151 \u00e1rukkal is h\u00f3d\u00edtanak. Az \u00faj 750-es modell azonban minden eddigin\u00e9l nagyobb izgalmakat \u00edg\u00e9r.<\/p>\n<p>De mi\u00e9rt is van akkora felhajt\u00e1s a Himalayan 750 k\u00f6r\u00fcl? El\u0151sz\u00f6r is, a pletyk\u00e1k szerint a motor jelent\u0151sen er\u0151sebb lesz az el\u0151dein\u00e9l, ami \u00faj t\u00e1vlatokat nyithat meg a kalandv\u00e1gy\u00f3 motorosok sz\u00e1m\u00e1ra. A nagyobb teljes\u00edtm\u00e9ny nemcsak a sebess\u00e9get \u00e9s a dinamikus vezet\u00e9si \u00e9lm\u00e9nyt n\u00f6veli, hanem a nehezebb terepeken is magabiztosabb\u00e1 teheti a g\u00e9pet. Emellett az \u00faj modell diz\u00e1jnj\u00e1t \u00e9s technikai felszerelts\u00e9g\u00e9t is nagy v\u00e1rakoz\u00e1s \u00f6vezi, hiszen a Royal Enfield jellemz\u0151en \u00fcgyel arra, hogy modern \u00e9s st\u00edlusos megjelen\u00e9ssel rukkoljon el\u0151.<\/p>\n<p>Az EICMA ki\u00e1ll\u00edt\u00e1son val\u00f3 esetleges bemutatkoz\u00e1s nemcsak a rajong\u00f3k, hanem a szakma sz\u00e1m\u00e1ra is izgalmas fejlem\u00e9ny lenne. Az ilyen esem\u00e9nyek nemcsak a m\u00e1rka \u00faj\u00edt\u00e1sait mutatj\u00e1k be, hanem ir\u00e1nyt is szabhatnak a j\u00f6v\u0151 motoros trendjeinek. A Himalayan 750 megjelen\u00e9se pedig \u00faj m\u00e9rc\u00e9t \u00e1ll\u00edthat az adventure kateg\u00f3ri\u00e1ban.<\/p>\n<p>\u00d6sszess\u00e9g\u00e9ben a Royal Enfield Himalayan 750 megjelen\u00e9se igazi csemeg\u00e9nek \u00edg\u00e9rkezik a motoros vil\u00e1gban. Ha a h\u00edrek igazak, \u00e9s az EICMA-n val\u00f3ban deb\u00fct\u00e1l az \u00faj modell, akkor a motoros k\u00f6z\u00f6ss\u00e9g egy \u00faj legend\u00e1val gazdagodhat. Addig is izgatottan v\u00e1rjuk a tov\u00e1bbi r\u00e9szleteket, \u00e9s k\u00edv\u00e1ncsian figyelj\u00fck, hogy milyen \u00fajdons\u00e1gokat tartogat m\u00e9g sz\u00e1munkra a Royal Enfield.<\/p>\n","protected":false},"excerpt":{"rendered":"**\u00daj Kir\u00e1ly a Motorok Hegyein: A Royal Enfield Himalayan 750 bemutatkoz\u00e1sa az EICMA-n?** A motoros vil\u00e1g id\u00e9n \u0151sszel \u00fajra R\u00f3m\u00e1ba...","protected":false},"author":11,"featured_media":2794,"comment_status":"open","ping_status":"open","sticky":false,"template":"","format":"standard","meta":{"footnotes":""},"categories":[1],"tags":[777,785,394,140,331],"class_list":["post-2797","post","type-post","status-publish","format-standard","has-post-thumbnail","hentry","category-egyeb","tag-bemutato","tag-eicma","tag-himalayan-750","tag-royal-enfield","tag-uj-modell"],"_links":{"self":[{"href":"https:\/\/mvaclub.org\/index.php\/wp-json\/wp\/v2\/posts\/2797","targetHints":{"allow":["GET"]}}],"collection":[{"href":"https:\/\/mvaclub.org\/index.php\/wp-json\/wp\/v2\/posts"}],"about":[{"href":"https:\/\/mvaclub.org\/index.php\/wp-json\/wp\/v2\/types\/post"}],"author":[{"embeddable":true,"href":"https:\/\/mvaclub.org\/index.php\/wp-json\/wp\/v2\/users\/11"}],"replies":[{"embeddable":true,"href":"https:\/\/mvaclub.org\/index.php\/wp-json\/wp\/v2\/comments?post=2797"}],"version-history":[{"count":0,"href":"https:\/\/mvaclub.org\/index.php\/wp-json\/wp\/v2\/posts\/2797\/revisions"}],"wp:featuredmedia":[{"embeddable":true,"href":"https:\/\/mvaclub.org\/index.php\/wp-json\/wp\/v2\/media\/2794"}],"wp:attachment":[{"href":"https:\/\/mvaclub.org\/index.php\/wp-json\/wp\/v2\/media?parent=2797"}],"wp:term":[{"taxonomy":"category","embeddable":true,"href":"https:\/\/mvaclub.org\/index.php\/wp-json\/wp\/v2\/categories?post=2797"},{"taxonomy":"post_tag","embeddable":true,"href":"https:\/\/mvaclub.org\/index.php\/wp-json\/wp\/v2\/tags?post=2797"}],"curies":[{"name":"wp","href":"https:\/\/api.w.org\/{rel}","templated":true}]}}