{"id":2773,"date":"2025-10-10T07:01:27","date_gmt":"2025-10-10T05:01:27","guid":{"rendered":"https:\/\/www.mvaclub.org\/index.php\/2025\/10\/10\/suzuki-penzugyi-kamatcsokkentes-a-kivalasztott-modellekre\/"},"modified":"2025-10-10T07:01:27","modified_gmt":"2025-10-10T05:01:27","slug":"suzuki-penzugyi-kamatcsokkentes-a-kivalasztott-modellekre","status":"publish","type":"post","link":"https:\/\/mvaclub.org\/index.php\/2025\/10\/10\/suzuki-penzugyi-kamatcsokkentes-a-kivalasztott-modellekre\/","title":{"rendered":"Suzuki p\u00e9nz\u00fcgyi kamatcs\u00f6kkent\u00e9s a kiv\u00e1lasztott modellekre!"},"content":{"rendered":"<figure><img decoding=\"async\" src=\"https:\/\/www.mvaclub.org\/wp-content\/uploads\/2025\/10\/img_7855.png\" alt=\"Suzuki p\u00e9nz\u00fcgyi kamatcs\u00f6kkent\u00e9s a kiv\u00e1lasztott modellekre!\" style=\"width:100%;margin-bottom:1em;\" title=\"\"><\/figure>\n<figure><img decoding=\"async\" src=\"https:\/\/www.mvaclub.org\/wp-content\/uploads\/2025\/10\/img_8732.jpg\" alt=\"Suzuki p\u00e9nz\u00fcgyi kamatcs\u00f6kkent\u00e9s a kiv\u00e1lasztott modellekre!\" style=\"width:100%;margin-bottom:1em;\" title=\"\"><\/figure>\n<figure><img decoding=\"async\" src=\"https:\/\/www.mvaclub.org\/wp-content\/uploads\/2025\/10\/img_9475.png\" alt=\"Suzuki p\u00e9nz\u00fcgyi kamatcs\u00f6kkent\u00e9s a kiv\u00e1lasztott modellekre!\" style=\"width:100%;margin-bottom:1em;\" title=\"\"><\/figure>\n<div class=\"related-posts\" style=\"margin:1em 0 1.2em 0;padding:0.8em;border:1px solid #eee;border-radius:6px;background:#fafafa;\"><strong>Kapcsol\u00f3d\u00f3 bejegyz\u00e9sek<\/strong><\/p>\n<ul style=\"margin:0.5em 0 0 1.2em;\">\n<li><a href=\"https:\/\/www.mvaclub.org\/index.php\/2025\/10\/10\/suzuki-izgalmas-tervek-a-japan-mobilitasi-kiallitason\/\">Suzuki: Izgalmas tervek a Jap\u00e1n Mobilit\u00e1si Ki\u00e1ll\u00edt\u00e1son!<\/a><\/li>\n<li><a href=\"https:\/\/www.mvaclub.org\/index.php\/2025\/10\/09\/suzuki-bemutatja-terveit-a-japan-mobilitasi-kiallitason\/\">Suzuki bemutatja terveit a Jap\u00e1n Mobilit\u00e1si Ki\u00e1ll\u00edt\u00e1son<\/a><\/li>\n<li><a href=\"https:\/\/www.mvaclub.org\/index.php\/2025\/10\/09\/suzuki-uj-kedvezobb-finanszirozasi-lehetosegek-bizonyos-modellekre\/\">Suzuki: \u00daj, kedvez\u0151bb finansz\u00edroz\u00e1si lehet\u0151s\u00e9gek bizonyos modellekre!<\/a><\/li>\n<\/ul>\n<\/div>\n<p>### \u00daj P\u00e9nz\u00fcgyi Konstrukci\u00f3k a Suzukit\u00f3l: Kedvez\u0151bb Felt\u00e9telek Nagymotorokhoz<\/p>\n<p>A motoroz\u00e1s szerelmeseinek sz\u00e1m\u00e1ra izgalmas h\u00edrrel szolg\u00e1lhatunk: a Suzuki nemr\u00e9giben bejelentette, hogy m\u00f3dos\u00edtotta p\u00e9nz\u00fcgyi felt\u00e9teleit a kiv\u00e1lasztott nagymotor modelljeire. A kedvez\u0151bb finansz\u00edroz\u00e1si lehet\u0151s\u00e9gek 2026 m\u00e1rcius\u00e1nak v\u00e9g\u00e9ig \u00e9rv\u00e9nyesek, \u00edgy a j\u00f6v\u0151beni motorv\u00e1s\u00e1rl\u00f3k sz\u00e1m\u00e1ra most k\u00fcl\u00f6n\u00f6sen vonz\u00f3v\u00e1 v\u00e1lhat a jap\u00e1n m\u00e1rka k\u00edn\u00e1lata.<\/p>\n<p>#### Mit Jelentenek a M\u00f3dos\u00edtott P\u00e9nz\u00fcgyi Felt\u00e9telek?<\/p>\n<p>A Suzuki \u00faj p\u00e9nz\u00fcgyi konstrukci\u00f3ja azt jelenti, hogy a v\u00e1s\u00e1rl\u00f3k alacsonyabb kamatl\u00e1bakkal \u00e9s rugalmasabb t\u00f6rleszt\u00e9si felt\u00e9telekkel vihetik haza \u00e1lmaik motorj\u00e1t. Ez k\u00fcl\u00f6n\u00f6sen fontos lehet azok sz\u00e1m\u00e1ra, akik r\u00e9g\u00f3ta terveznek v\u00e1s\u00e1rolni, de eddig a magas finansz\u00edroz\u00e1si k\u00f6lts\u00e9gek visszatartott\u00e1k \u0151ket. A v\u00e1llalat c\u00e9lja, hogy a motoroz\u00e1s \u00e9lm\u00e9ny\u00e9t min\u00e9l sz\u00e9lesebb k\u00f6z\u00f6ns\u00e9g sz\u00e1m\u00e1ra el\u00e9rhet\u0151v\u00e9 tegye, \u00e9s \u00fagy t\u0171nik, ez\u00fattal val\u00f3ban siker\u00fclt kedvez\u0151bb felt\u00e9teleket kialak\u00edtaniuk.<\/p>\n<p>#### Kiket \u00c9rint a V\u00e1ltoz\u00e1s?<\/p>\n<p>A m\u00f3dos\u00edt\u00e1s els\u0151sorban a &#8222;big bike&#8221; kateg\u00f3ri\u00e1ba tartoz\u00f3 modelleket \u00e9rinti, amelyek k\u00f6z\u00f6tt sz\u00e1mos n\u00e9pszer\u0171 t\u00edpus megtal\u00e1lhat\u00f3. Ezek a motorok nemcsak teljes\u00edtm\u00e9ny\u00fck, de st\u00edlusuk \u00e9s megb\u00edzhat\u00f3s\u00e1guk miatt is kedveltek a motorosok k\u00f6r\u00e9ben. A pontos modellek list\u00e1j\u00e1t a Suzuki hivatalos honlapj\u00e1n vagy a m\u00e1rkakeresked\u00e9sekben tudhatj\u00e1k meg az \u00e9rdekl\u0151d\u0151k.<\/p>\n<p>#### Mi\u00e9rt Fontos Ez a L\u00e9p\u00e9s?<\/p>\n<p>A Suzuki l\u00e9p\u00e9se j\u00f3l t\u00fckr\u00f6zi az aut\u00f3iparban \u00e9s a motorker\u00e9kp\u00e1r-piacon tapasztalhat\u00f3 trendeket, ahol a gy\u00e1rt\u00f3k igyekeznek min\u00e9l ink\u00e1bb a fogyaszt\u00f3k ig\u00e9nyeire szabni p\u00e9nz\u00fcgyi szolg\u00e1ltat\u00e1saikat. A motoroz\u00e1s ir\u00e1nti \u00e9rdekl\u0151d\u00e9s vil\u00e1gszerte n\u00f6vekszik, \u00e9s a k\u00f6nnyebb anyagi hozz\u00e1f\u00e9r\u00e9s seg\u00edthet abban, hogy m\u00e9g t\u00f6bben \u00e9lvezhess\u00e9k ezt az \u00e9letform\u00e1t.<\/p>\n<p>#### Hogyan Lehet \u00c9lni a Lehet\u0151s\u00e9ggel?<\/p>\n<p>Az \u00faj finansz\u00edroz\u00e1si lehet\u0151s\u00e9gekr\u0151l a legk\u00f6zelebbi Suzuki m\u00e1rkakeresked\u00e9sben lehet \u00e9rdekl\u0151dni, ahol a szakemberek seg\u00edtenek a testreszabott aj\u00e1nlatok kidolgoz\u00e1s\u00e1ban is. \u00c9rdemes id\u0151ben l\u00e9pni, hiszen b\u00e1r a hat\u00e1rid\u0151 2026 m\u00e1rcius\u00e1ig tart, a kereslet n\u00f6veked\u00e9s\u00e9vel el\u0151fordulhat, hogy bizonyos modellek gyorsan elfogynak.<\/p>\n<p>#### \u00d6sszegz\u00e9s<\/p>\n<p>A Suzuki finansz\u00edroz\u00e1si felt\u00e9teleinek m\u00f3dos\u00edt\u00e1sa remek lehet\u0151s\u00e9get k\u00edn\u00e1l azok sz\u00e1m\u00e1ra, akik r\u00e9g\u00f3ta tervezik egy nagymotor beszerz\u00e9s\u00e9t. Az alacsonyabb kamatl\u00e1bak \u00e9s a rugalmasabb t\u00f6rleszt\u00e9si felt\u00e9telek sokak sz\u00e1m\u00e1ra teszik vonz\u00f3bb\u00e1 a motorv\u00e1s\u00e1rl\u00e1st. Ne hagyja ki ezt a lehet\u0151s\u00e9get, fedezze fel a Suzuki k\u00edn\u00e1lat\u00e1t, \u00e9s induljon \u00fatnak a motoroz\u00e1s szabads\u00e1g<\/p>\n","protected":false},"excerpt":{"rendered":"A motoroz\u00e1s szerelmeseinek sz\u00e1m\u00e1ra izgalmas h\u00edrrel szolg\u00e1lhatunk: a Suzuki nemr\u00e9giben bejelentette, hogy m\u00f3dos\u00edtotta p\u00e9nz\u00fcgyi felt\u00e9teleit a kiv\u00e1lasztott nagymotor modelljeire. A...","protected":false},"author":11,"featured_media":2770,"comment_status":"open","ping_status":"open","sticky":false,"template":"","format":"standard","meta":{"footnotes":""},"categories":[1],"tags":[1473,1482,1472,1481,227],"class_list":["post-2773","post","type-post","status-publish","format-standard","has-post-thumbnail","hentry","category-egyeb","tag-2026-marcius","tag-modellfrissites","tag-nagy-motorok","tag-penzugyi-kamat","tag-suzuki"],"_links":{"self":[{"href":"https:\/\/mvaclub.org\/index.php\/wp-json\/wp\/v2\/posts\/2773","targetHints":{"allow":["GET"]}}],"collection":[{"href":"https:\/\/mvaclub.org\/index.php\/wp-json\/wp\/v2\/posts"}],"about":[{"href":"https:\/\/mvaclub.org\/index.php\/wp-json\/wp\/v2\/types\/post"}],"author":[{"embeddable":true,"href":"https:\/\/mvaclub.org\/index.php\/wp-json\/wp\/v2\/users\/11"}],"replies":[{"embeddable":true,"href":"https:\/\/mvaclub.org\/index.php\/wp-json\/wp\/v2\/comments?post=2773"}],"version-history":[{"count":0,"href":"https:\/\/mvaclub.org\/index.php\/wp-json\/wp\/v2\/posts\/2773\/revisions"}],"wp:featuredmedia":[{"embeddable":true,"href":"https:\/\/mvaclub.org\/index.php\/wp-json\/wp\/v2\/media\/2770"}],"wp:attachment":[{"href":"https:\/\/mvaclub.org\/index.php\/wp-json\/wp\/v2\/media?parent=2773"}],"wp:term":[{"taxonomy":"category","embeddable":true,"href":"https:\/\/mvaclub.org\/index.php\/wp-json\/wp\/v2\/categories?post=2773"},{"taxonomy":"post_tag","embeddable":true,"href":"https:\/\/mvaclub.org\/index.php\/wp-json\/wp\/v2\/tags?post=2773"}],"curies":[{"name":"wp","href":"https:\/\/api.w.org\/{rel}","templated":true}]}}