{"id":2769,"date":"2025-10-10T07:00:43","date_gmt":"2025-10-10T05:00:43","guid":{"rendered":"https:\/\/www.mvaclub.org\/index.php\/2025\/10\/10\/suzuki-izgalmas-tervek-a-japan-mobilitasi-kiallitason\/"},"modified":"2025-10-10T07:00:43","modified_gmt":"2025-10-10T05:00:43","slug":"suzuki-izgalmas-tervek-a-japan-mobilitasi-kiallitason","status":"publish","type":"post","link":"https:\/\/mvaclub.org\/index.php\/2025\/10\/10\/suzuki-izgalmas-tervek-a-japan-mobilitasi-kiallitason\/","title":{"rendered":"Suzuki: Izgalmas tervek a Jap\u00e1n Mobilit\u00e1si Ki\u00e1ll\u00edt\u00e1son!"},"content":{"rendered":"<figure><img decoding=\"async\" src=\"https:\/\/www.mvaclub.org\/wp-content\/uploads\/2025\/10\/img_8979.jpg\" alt=\"Suzuki: Izgalmas tervek a Jap\u00e1n Mobilit\u00e1si Ki\u00e1ll\u00edt\u00e1son!\" style=\"width:100%;margin-bottom:1em;\" title=\"\"><\/figure>\n<figure><img decoding=\"async\" src=\"https:\/\/www.mvaclub.org\/wp-content\/uploads\/2025\/10\/img_3813.webp\" alt=\"Suzuki: Izgalmas tervek a Jap\u00e1n Mobilit\u00e1si Ki\u00e1ll\u00edt\u00e1son!\" style=\"width:100%;margin-bottom:1em;\" title=\"\"><\/figure>\n<figure><img decoding=\"async\" src=\"https:\/\/www.mvaclub.org\/wp-content\/uploads\/2025\/10\/img_9861.webp\" alt=\"Suzuki: Izgalmas tervek a Jap\u00e1n Mobilit\u00e1si Ki\u00e1ll\u00edt\u00e1son!\" style=\"width:100%;margin-bottom:1em;\" title=\"\"><\/figure>\n<div class=\"related-posts\" style=\"margin:1em 0 1.2em 0;padding:0.8em;border:1px solid #eee;border-radius:6px;background:#fafafa;\"><strong>Kapcsol\u00f3d\u00f3 bejegyz\u00e9sek<\/strong><\/p>\n<ul style=\"margin:0.5em 0 0 1.2em;\">\n<li><a href=\"https:\/\/www.mvaclub.org\/index.php\/2025\/10\/09\/suzuki-bemutatja-terveit-a-japan-mobilitasi-kiallitason\/\">Suzuki bemutatja terveit a Jap\u00e1n Mobilit\u00e1si Ki\u00e1ll\u00edt\u00e1son<\/a><\/li>\n<li><a href=\"https:\/\/www.mvaclub.org\/index.php\/2025\/10\/09\/suzuki-uj-kedvezobb-finanszirozasi-lehetosegek-bizonyos-modellekre\/\">Suzuki: \u00daj, kedvez\u0151bb finansz\u00edroz\u00e1si lehet\u0151s\u00e9gek bizonyos modellekre!<\/a><\/li>\n<li><a href=\"https:\/\/www.mvaclub.org\/index.php\/2025\/10\/09\/suzuki-megvaltoztatta-penzugyi-ajanlatait-bizonyos-modellekre-nezze-meg-hogyan-erinti-ez-ont\/\">Suzuki megv\u00e1ltoztatta p\u00e9nz\u00fcgyi aj\u00e1nlatait bizonyos modellekre \u2013 N\u00e9zze meg, hogyan \u00e9rinti ez \u00d6nt!<\/a><\/li>\n<\/ul>\n<\/div>\n<p>**Suzuki a j\u00f6v\u0151 mobilit\u00e1s\u00e1t hozza el a Japan Mobility Show-ra**<\/p>\n<p>A Suzuki m\u00e1rkan\u00e9v hallat\u00e1n sokan egy megb\u00edzhat\u00f3, \u00e1m tal\u00e1n kiss\u00e9 konzervat\u00edv j\u00e1rm\u0171gy\u00e1rt\u00f3ra gondolnak, amely ink\u00e1bb a megszokott utakat j\u00e1rja. Azonban a k\u00f6zelg\u0151 Japan Mobility Show alkalm\u00e1val a Suzuki igyekszik r\u00e1c\u00e1folni erre a sztereot\u00edpi\u00e1ra, \u00e9s bemutatni, hogy az innov\u00e1ci\u00f3 ir\u00e1nti elk\u00f6telezetts\u00e9ge nem ismer hat\u00e1rokat.<\/p>\n<p>A Japan Mobility Show, amelyet kor\u00e1bban Tokyo Motor Show n\u00e9ven ismerhett\u00fcnk, minden \u00e9vben izgalmas \u00fajdons\u00e1gokkal szolg\u00e1l az aut\u00f3ipar kedvel\u0151i sz\u00e1m\u00e1ra. Az idei esem\u00e9ny k\u00fcl\u00f6n\u00f6sen izgalmasnak \u00edg\u00e9rkezik, hiszen a Suzuki olyan koncepci\u00f3kat \u00e9s \u00f6tleteket tervez bemutatni, amelyek teljesen \u00faj megvil\u00e1g\u00edt\u00e1sba helyezhetik a k\u00f6zleked\u00e9s j\u00f6v\u0151j\u00e9t.<\/p>\n<p>A Suzuki nem csak aut\u00f3gy\u00e1rt\u00f3, hanem igazi mobilit\u00e1si innov\u00e1tor is szeretne lenni. Ennek megfelel\u0151en a ki\u00e1ll\u00edt\u00e1son olyan fejleszt\u00e9seket mutatnak be, amelyek messze t\u00falmutatnak a hagyom\u00e1nyos aut\u00f3ipari megold\u00e1sokon. A v\u00e1llalat c\u00e9lja, hogy bemutassa, mik\u00e9nt k\u00e9pzeli el a j\u00f6v\u0151 k\u00f6zleked\u00e9s\u00e9t, \u00e9s hogyan tudja azokat a mindennapi \u00e9let r\u00e9sz\u00e9v\u00e9 tenni.<\/p>\n<p>A Suzuki tervei k\u00f6z\u00f6tt szerepel a z\u00f6ld technol\u00f3gi\u00e1k \u00e9s az intelligens k\u00f6zleked\u00e9si rendszerek integr\u00e1l\u00e1sa is. Ezek hozz\u00e1j\u00e1rulhatnak a fenntarthat\u00f3bb \u00e9s hat\u00e9konyabb k\u00f6zleked\u00e9si m\u00f3dok megval\u00f3s\u00edt\u00e1s\u00e1hoz, amelyek a k\u00f6rnyezetv\u00e9delem szempontj\u00e1b\u00f3l is kiemelked\u0151 fontoss\u00e1g\u00faak. A c\u00e9g hangs\u00falyozza, hogy a j\u00f6v\u0151 mobilit\u00e1s\u00e1nak nem csup\u00e1n innovat\u00edvnak, hanem k\u00f6rnyezetbar\u00e1tabbnak is kell lennie.<\/p>\n<p>A bemutat\u00f3ra k\u00e9sz\u00fcl\u0151 koncepci\u00f3k k\u00f6z\u00f6tt szerepelhetnek elektromos j\u00e1rm\u0171vek, auton\u00f3m vezet\u00e9si technol\u00f3gi\u00e1k, \u00e9s olyan \u00faj\u00edt\u00e1sok, amelyek a v\u00e1rosi k\u00f6zleked\u00e9st forradalmas\u00edthatj\u00e1k. B\u00e1r a konkr\u00e9t r\u00e9szletek egyel\u0151re titokban maradnak, a Suzuki \u00edg\u00e9rete szerint olyan \u00e9lm\u00e9nyben lesz r\u00e9sz\u00fcnk, amely fel\u00fcl\u00edrja a m\u00e1rk\u00e1val kapcsolatos megl\u00e9v\u0151 elk\u00e9pzel\u00e9seinket.<\/p>\n<p>\u00d6sszess\u00e9g\u00e9ben a Suzuki a Japan Mobility Show keret\u00e9ben egy mer\u00e9sz \u00e9s el\u0151remutat\u00f3 v\u00edzi\u00f3t k\u00edv\u00e1n bemutatni, amely felk\u00e9sz\u00edt minket arra, hogy hogyan n\u00e9zhet ki a k\u00f6zleked\u00e9s n\u00e9h\u00e1ny \u00e9vtized m\u00falva. Ha a v\u00e1llalat tervei val\u00f3ra v\u00e1lnak, hamarosan eg\u00e9szen \u00faj megold\u00e1sokkal tal\u00e1lkozhatunk az utakon, amelyek nemcsak praktikusak, hanem a fenntarthat\u00f3s\u00e1g szempontj\u00e1b\u00f3l is jelent\u0151s el\u0151rel\u00e9p\u00e9st jelentenek.<\/p>\n<p>Izgalommal v\u00e1rjuk, mit tartogat sz\u00e1munkra a Suzuki, \u00e9s hogyan fogja alak\u00edtani az aut\u00f3ipar j\u00f6v\u0151j\u00e9t a Japan Mobility Show-n bemutatott \u00fajdons\u00e1gaival.<\/p>\n","protected":false},"excerpt":{"rendered":"**Suzuki a j\u00f6v\u0151 mobilit\u00e1s\u00e1t hozza el a Japan Mobility Show-ra** A Suzuki m\u00e1rkan\u00e9v hallat\u00e1n sokan egy megb\u00edzhat\u00f3, \u00e1m tal\u00e1n kiss\u00e9...","protected":false},"author":11,"featured_media":2765,"comment_status":"open","ping_status":"open","sticky":false,"template":"","format":"standard","meta":{"footnotes":""},"categories":[1],"tags":[1480,1157,608,1475,227],"class_list":["post-2769","post","type-post","status-publish","format-standard","has-post-thumbnail","hentry","category-egyeb","tag-autokiallitas","tag-innovacio","tag-japan","tag-japan-mobilitasi-kiallitas","tag-suzuki"],"_links":{"self":[{"href":"https:\/\/mvaclub.org\/index.php\/wp-json\/wp\/v2\/posts\/2769","targetHints":{"allow":["GET"]}}],"collection":[{"href":"https:\/\/mvaclub.org\/index.php\/wp-json\/wp\/v2\/posts"}],"about":[{"href":"https:\/\/mvaclub.org\/index.php\/wp-json\/wp\/v2\/types\/post"}],"author":[{"embeddable":true,"href":"https:\/\/mvaclub.org\/index.php\/wp-json\/wp\/v2\/users\/11"}],"replies":[{"embeddable":true,"href":"https:\/\/mvaclub.org\/index.php\/wp-json\/wp\/v2\/comments?post=2769"}],"version-history":[{"count":0,"href":"https:\/\/mvaclub.org\/index.php\/wp-json\/wp\/v2\/posts\/2769\/revisions"}],"wp:featuredmedia":[{"embeddable":true,"href":"https:\/\/mvaclub.org\/index.php\/wp-json\/wp\/v2\/media\/2765"}],"wp:attachment":[{"href":"https:\/\/mvaclub.org\/index.php\/wp-json\/wp\/v2\/media?parent=2769"}],"wp:term":[{"taxonomy":"category","embeddable":true,"href":"https:\/\/mvaclub.org\/index.php\/wp-json\/wp\/v2\/categories?post=2769"},{"taxonomy":"post_tag","embeddable":true,"href":"https:\/\/mvaclub.org\/index.php\/wp-json\/wp\/v2\/tags?post=2769"}],"curies":[{"name":"wp","href":"https:\/\/api.w.org\/{rel}","templated":true}]}}