{"id":2750,"date":"2025-10-09T14:50:23","date_gmt":"2025-10-09T12:50:23","guid":{"rendered":"https:\/\/www.mvaclub.org\/index.php\/2025\/10\/09\/suzuki-megvaltoztatta-penzugyi-ajanlatait-bizonyos-modellekre-nezze-meg-hogyan-erinti-ez-ont\/"},"modified":"2025-10-09T14:50:23","modified_gmt":"2025-10-09T12:50:23","slug":"suzuki-megvaltoztatta-penzugyi-ajanlatait-bizonyos-modellekre-nezze-meg-hogyan-erinti-ez-ont","status":"publish","type":"post","link":"https:\/\/mvaclub.org\/index.php\/2025\/10\/09\/suzuki-megvaltoztatta-penzugyi-ajanlatait-bizonyos-modellekre-nezze-meg-hogyan-erinti-ez-ont\/","title":{"rendered":"Suzuki megv\u00e1ltoztatta p\u00e9nz\u00fcgyi aj\u00e1nlatait bizonyos modellekre &#8211; N\u00e9zze meg, hogyan \u00e9rinti ez \u00d6nt!"},"content":{"rendered":"<figure><img decoding=\"async\" src=\"https:\/\/www.mvaclub.org\/wp-content\/uploads\/2025\/10\/scraped_9830.png\" alt=\"Suzuki megv\u00e1ltoztatta p\u00e9nz\u00fcgyi aj\u00e1nlatait bizonyos modellekre - N\u00e9zze meg, hogyan \u00e9rinti ez \u00d6nt!\" style=\"width:100%;margin-bottom:1em;\" title=\"\"><\/figure>\n<p>A Suzuki nemr\u00e9giben bejelentette, hogy m\u00f3dos\u00edtotta a finansz\u00edroz\u00e1si felt\u00e9teleit n\u00e9h\u00e1ny kiemelt motorker\u00e9kp\u00e1r modellre vonatkoz\u00f3an. Az \u00faj aj\u00e1nlatok 2026 m\u00e1rcius\u00e1nak v\u00e9g\u00e9ig \u00e9rv\u00e9nyesek, \u00e9s c\u00e9ljuk, hogy vonz\u00f3bb\u00e1 tegy\u00e9k a nagyobb motorok v\u00e1s\u00e1rl\u00e1s\u00e1t a potenci\u00e1lis \u00fcgyfelek sz\u00e1m\u00e1ra.<\/p>\n<p>A motoros k\u00f6z\u00f6ss\u00e9g sz\u00e1m\u00e1ra ez az int\u00e9zked\u00e9s remek h\u00edr, hiszen a finansz\u00edroz\u00e1si felt\u00e9telek jav\u00edt\u00e1sa lehet\u0151s\u00e9get ad arra, hogy t\u00f6bben val\u00f3ra v\u00e1lts\u00e1k \u00e1lmaikat, \u00e9s egy Suzuki nyerg\u00e9ben \u00e9lj\u00e9k \u00e1t a motoroz\u00e1s \u00f6r\u00f6meit. Az \u00faj finansz\u00edroz\u00e1si konstrukci\u00f3k k\u00fcl\u00f6n\u00f6sen a nagyobb teljes\u00edtm\u00e9ny\u0171, \u00fagynevezett &#8222;big bike&#8221; modellekre vonatkoznak, melyek eddig tal\u00e1n el\u00e9rhetetlennek t\u0171ntek sokak sz\u00e1m\u00e1ra.<\/p>\n<p>A Suzuki l\u00e9p\u00e9se j\u00f3l mutatja, hogy a c\u00e9g igyekszik rugalmasan alkalmazkodni a v\u00e1s\u00e1rl\u00f3i ig\u00e9nyekhez, \u00e9s felismeri, hogy a p\u00e9nz\u00fcgyi felt\u00e9telek fontos szerepet j\u00e1tszanak a v\u00e1s\u00e1rl\u00e1si d\u00f6nt\u00e9sek meghozatal\u00e1ban. Az \u00faj aj\u00e1nlatok nemcsak a fiatal motorosok, hanem az id\u0151sebb rajong\u00f3k sz\u00e1m\u00e1ra is vonz\u00f3ak lehetnek, akik esetleg egy nagyobb, er\u0151teljesebb modellre szeretn\u00e9nek v\u00e1ltani.<\/p>\n<p>A m\u00e1rka m\u00e1r \u00e9vtizedek \u00f3ta elk\u00f6telezett a min\u0151s\u00e9gi motorker\u00e9kp\u00e1rok gy\u00e1rt\u00e1sa ir\u00e1nt, \u00e9s ezek a v\u00e1ltoztat\u00e1sok tov\u00e1bb er\u0151s\u00edtik a Suzuki poz\u00edci\u00f3j\u00e1t a piacon. Az \u00faj finansz\u00edroz\u00e1si felt\u00e9telek r\u00e9v\u00e9n a v\u00e1s\u00e1rl\u00f3k k\u00f6nnyebben tervezhetik meg k\u00f6lts\u00e9gvet\u00e9s\u00fcket, \u00e9s jobban kihaszn\u00e1lhatj\u00e1k a rendelkez\u00e9sre \u00e1ll\u00f3 lehet\u0151s\u00e9geket.<\/p>\n<p>Mivel a motorker\u00e9kp\u00e1rok ir\u00e1nti kereslet az ut\u00f3bbi \u00e9vekben n\u00f6vekedni l\u00e1tszik, a Suzuki l\u00e9p\u00e9se id\u0151ben \u00e9rkezett. A c\u00e9g ezzel nemcsak megl\u00e9v\u0151 \u00fcgyfeleinek kedvez, hanem \u00faj v\u00e1s\u00e1rl\u00f3k sz\u00e1m\u00e1ra is vonz\u00f3v\u00e1 teszi a m\u00e1rka nagy teljes\u00edtm\u00e9ny\u0171 modelljeit. Az \u00faj finansz\u00edroz\u00e1si konstrukci\u00f3k r\u00e9v\u00e9n a motoroz\u00e1s vil\u00e1ga m\u00e9g t\u00f6bb ember sz\u00e1m\u00e1ra v\u00e1lhat el\u00e9rhet\u0151v\u00e9, \u00e9s a Suzuki tov\u00e1bbra is vezet\u0151 szerepet t\u00f6lthet be a motorpiacon.<\/p>\n","protected":false},"excerpt":{"rendered":"A Suzuki nemr\u00e9giben bejelentette, hogy m\u00f3dos\u00edtotta a finansz\u00edroz\u00e1si felt\u00e9teleit n\u00e9h\u00e1ny kiemelt motorker\u00e9kp\u00e1r modellre vonatkoz\u00f3an. Az \u00faj aj\u00e1nlatok 2026 m\u00e1rcius\u00e1nak v\u00e9g\u00e9ig...","protected":false},"author":11,"featured_media":2748,"comment_status":"open","ping_status":"open","sticky":false,"template":"","format":"standard","meta":{"footnotes":""},"categories":[1],"tags":[1473,1471,1474,1472,227],"class_list":["post-2750","post","type-post","status-publish","format-standard","has-post-thumbnail","hentry","category-egyeb","tag-2026-marcius","tag-finanszirozasi-rata","tag-modositas","tag-nagy-motorok","tag-suzuki"],"_links":{"self":[{"href":"https:\/\/mvaclub.org\/index.php\/wp-json\/wp\/v2\/posts\/2750","targetHints":{"allow":["GET"]}}],"collection":[{"href":"https:\/\/mvaclub.org\/index.php\/wp-json\/wp\/v2\/posts"}],"about":[{"href":"https:\/\/mvaclub.org\/index.php\/wp-json\/wp\/v2\/types\/post"}],"author":[{"embeddable":true,"href":"https:\/\/mvaclub.org\/index.php\/wp-json\/wp\/v2\/users\/11"}],"replies":[{"embeddable":true,"href":"https:\/\/mvaclub.org\/index.php\/wp-json\/wp\/v2\/comments?post=2750"}],"version-history":[{"count":0,"href":"https:\/\/mvaclub.org\/index.php\/wp-json\/wp\/v2\/posts\/2750\/revisions"}],"wp:featuredmedia":[{"embeddable":true,"href":"https:\/\/mvaclub.org\/index.php\/wp-json\/wp\/v2\/media\/2748"}],"wp:attachment":[{"href":"https:\/\/mvaclub.org\/index.php\/wp-json\/wp\/v2\/media?parent=2750"}],"wp:term":[{"taxonomy":"category","embeddable":true,"href":"https:\/\/mvaclub.org\/index.php\/wp-json\/wp\/v2\/categories?post=2750"},{"taxonomy":"post_tag","embeddable":true,"href":"https:\/\/mvaclub.org\/index.php\/wp-json\/wp\/v2\/tags?post=2750"}],"curies":[{"name":"wp","href":"https:\/\/api.w.org\/{rel}","templated":true}]}}