{"id":2719,"date":"2025-10-07T19:01:14","date_gmt":"2025-10-07T17:01:14","guid":{"rendered":"https:\/\/www.mvaclub.org\/index.php\/2025\/10\/07\/mv-agusta-exkluziv-orakat-keszit-a-wyler-vettaval\/"},"modified":"2025-10-07T19:01:14","modified_gmt":"2025-10-07T17:01:14","slug":"mv-agusta-exkluziv-orakat-keszit-a-wyler-vettaval","status":"publish","type":"post","link":"https:\/\/mvaclub.org\/index.php\/2025\/10\/07\/mv-agusta-exkluziv-orakat-keszit-a-wyler-vettaval\/","title":{"rendered":"MV Agusta exkluz\u00edv \u00f3r\u00e1kat k\u00e9sz\u00edt a Wyler Vett\u00e1val!"},"content":{"rendered":"<figure><img decoding=\"async\" src=\"https:\/\/www.mvaclub.org\/wp-content\/uploads\/2025\/10\/img_5782.jpg\" alt=\"MV Agusta exkluz\u00edv \u00f3r\u00e1kat k\u00e9sz\u00edt a Wyler Vett\u00e1val!\" style=\"width:100%;margin-bottom:1em;\" title=\"\"><\/figure>\n<figure><img decoding=\"async\" src=\"https:\/\/www.mvaclub.org\/wp-content\/uploads\/2025\/10\/img_5099.jpg\" alt=\"MV Agusta exkluz\u00edv \u00f3r\u00e1kat k\u00e9sz\u00edt a Wyler Vett\u00e1val!\" style=\"width:100%;margin-bottom:1em;\" title=\"\"><\/figure>\n<figure><img decoding=\"async\" src=\"https:\/\/www.mvaclub.org\/wp-content\/uploads\/2025\/10\/img_1013.jpg\" alt=\"MV Agusta exkluz\u00edv \u00f3r\u00e1kat k\u00e9sz\u00edt a Wyler Vett\u00e1val!\" style=\"width:100%;margin-bottom:1em;\" title=\"\"><\/figure>\n<div class=\"related-posts\" style=\"margin:1em 0 1.2em 0;padding:0.8em;border:1px solid #eee;border-radius:6px;background:#fafafa;\"><strong>Kapcsol\u00f3d\u00f3 bejegyz\u00e9sek<\/strong><\/p>\n<ul style=\"margin:0.5em 0 0 1.2em;\">\n<li><a href=\"https:\/\/www.mvaclub.org\/index.php\/2025\/06\/09\/mv-agusta-friss-hirekkel-szolgal-a-pierer-mobility-csoport-tavozasa-utan\/\">MV Agusta Friss H\u00edrekkel Szolg\u00e1l a Pierer Mobility Csoport T\u00e1voz\u00e1sa Ut\u00e1n<\/a><\/li>\n<li><a href=\"https:\/\/www.mvaclub.org\/index.php\/2025\/05\/26\/mv-agusta-turaelmenyek-a-legjobb-elmenyek-tagjainktol-fedezd-fel-velunk-a-legszebb-utvonalakat-es-meselj-a-sajat-kalandjaidrol\/\">\u201eMV Agusta t\u00fara\u00e9lm\u00e9nyek: A legjobb \u00e9lm\u00e9nyek tagjainkt\u00f3l \u2013 Fedezd fel vel\u00fcnk a legszebb \u00fatvonalakat \u00e9s mes\u00e9lj a saj\u00e1t kalandjaidr\u00f3l!\u201d<\/a><\/li>\n<li><a href=\"https:\/\/www.mvaclub.org\/index.php\/2025\/01\/23\/mv-agusta-motorosok-kezikonyve-karbantartasi-tippek-koltsegek-es-gyakori-hibak-amelyek-segitenek-megorizni-motorunk-teljesitmenyet-es-elettartamat\/\">MV Agusta motorosok k\u00e9zik\u00f6nyve: Karbantart\u00e1si tippek, k\u00f6lts\u00e9gek \u00e9s gyakori hib\u00e1k, amelyek seg\u00edtenek meg\u0151rizni motorunk teljes\u00edtm\u00e9ny\u00e9t \u00e9s \u00e9lettartam\u00e1t.<\/a><\/li>\n<\/ul>\n<\/div>\n<p>### MV Agusta \u00e9s Wyler Vetta egy\u00fcttm\u0171k\u00f6d\u00e9s: K\u00e9t limit\u00e1lt kiad\u00e1s\u00fa \u00f3ra sz\u00fclet\u00e9se<\/p>\n<p>Ha a motorok vil\u00e1g\u00e1ban otthonosan mozogsz, akkor biztosan hallott\u00e1l m\u00e1r az MV Agusta nev\u00e9vel f\u00e9mjelzett kiv\u00e1l\u00f3 min\u0151s\u00e9g\u0171 g\u00e9pekr\u0151l. Az olasz motorker\u00e9kp\u00e1r-gy\u00e1rt\u00f3 most egy \u00fajabb ter\u00fcleten mutatja meg kreativit\u00e1s\u00e1t \u00e9s precizit\u00e1s\u00e1t, m\u00e9ghozz\u00e1 a luxus\u00f3r\u00e1k vil\u00e1g\u00e1ban. Az MV Agusta nemr\u00e9giben jelentette be, hogy egy\u00fcttm\u0171k\u00f6dik a neves sv\u00e1jci \u00f3ragy\u00e1rt\u00f3val, a Wyler Vett\u00e1val, amelynek eredm\u00e9nyek\u00e9ppen k\u00e9t leny\u0171g\u00f6z\u0151, limit\u00e1lt kiad\u00e1s\u00fa \u00f3ra l\u00e1t napvil\u00e1got.<\/p>\n<p>#### A t\u00f6k\u00e9letes elegancia \u00e9s a sebess\u00e9g tal\u00e1lkoz\u00e1sa<\/p>\n<p>Az MV Agusta \u00e9s a Wyler Vetta k\u00f6z\u00f6s projektje nem csup\u00e1n az \u00f3ragy\u00e1rt\u00e1sr\u00f3l sz\u00f3l; ez a partners\u00e9g a k\u00e9t m\u00e1rka szellemis\u00e9g\u00e9nek \u00e9s hagyom\u00e1nyainak \u00fcnnepl\u00e9se. Mindk\u00e9t v\u00e1llalat h\u00edres a precizit\u00e1s\u00e1r\u00f3l, az eleganci\u00e1r\u00f3l \u00e9s a r\u00e9szletekre val\u00f3 odafigyel\u00e9sr\u0151l. A k\u00e9t \u00faj \u00f3ra pedig t\u00f6k\u00e9letesen t\u00fckr\u00f6zi ezeket az \u00e9rt\u00e9keket, a motorok vil\u00e1g\u00e1nak dinamik\u00e1j\u00e1t \u00e9s az \u00f3r\u00e1kba z\u00e1rt id\u0151tlen st\u00edlust \u00f6tv\u00f6zve.<\/p>\n<p>#### Limit\u00e1lt kiad\u00e1s, k\u00fcl\u00f6nleges r\u00e9szletekkel<\/p>\n<p>Ahogy az ilyen k\u00fcl\u00f6nleges kiad\u00e1sokn\u00e1l lenni szokott, az \u00f3r\u00e1k csak korl\u00e1tozott sz\u00e1mban lesznek el\u00e9rhet\u0151k, \u00edgy nemcsak a motorok, hanem az \u00f3r\u00e1k szerelmeseinek is \u00e9rdemes gyorsan lecsapni r\u00e1juk. Az \u00f3r\u00e1k diz\u00e1jnj\u00e1ban visszak\u00f6sz\u00f6nnek az MV Agusta ikonikus mot\u00edvumai \u00e9s sz\u00ednei, \u00edgy a m\u00e1rka rajong\u00f3i k\u00fcl\u00f6nleges, egyedi darabokkal gazdag\u00edthatj\u00e1k gy\u0171jtem\u00e9ny\u00fcket.<\/p>\n<p>#### Mi\u00e9rt pont a Wyler Vetta?<\/p>\n<p>A v\u00e1laszt\u00e1s nem v\u00e9letlen: a Wyler Vetta neve egyet jelent a kifinomult \u00f3rak\u00e9sz\u00edt\u00e9ssel \u00e9s az innov\u00e1ci\u00f3val. A c\u00e9g hossz\u00fa m\u00faltra tekint vissza az \u00f3ragy\u00e1rt\u00e1sban, \u00e9s kiv\u00e1l\u00f3an \u00f6tv\u00f6zi a hagyom\u00e1nyos sv\u00e1jci precizit\u00e1st a modern formatervez\u00e9ssel. Az MV Agusta pedig pontosan ezt a min\u0151s\u00e9get \u00e9s innov\u00e1ci\u00f3t kereste, hogy a motorok vil\u00e1g\u00e1b\u00f3l ismert szenved\u00e9lyt \u00e9s teljes\u00edtm\u00e9nyt az \u00f3r\u00e1k vil\u00e1g\u00e1ba is \u00e1t\u00fcltethesse.<\/p>\n<p>#### Az MV Agusta \u00e9s a Wyler Vetta k\u00f6z\u00f6s j\u00f6v\u0151je<\/p>\n<p>B\u00e1r a k\u00e9t limit\u00e1lt kiad\u00e1s\u00fa \u00f3ra csak a kezdet, ez az egy\u00fcttm\u0171k\u00f6d\u00e9s \u00fajabb fejezetet nyithat az MV Agusta t\u00f6rt\u00e9net\u00e9ben. Az ilyen jelleg\u0171 projektek r\u00e1mutatnak arra, hogy a m\u00e1rka nem csup\u00e1n a motoros k\u00f6z\u00f6ns\u00e9gre koncentr\u00e1l, hanem sz\u00e9lesebb k\u00f6rben szeretn\u00e9 el\u00e9rni a luxus \u00e9s a min\u0151s\u00e9g ir\u00e1nt \u00e9rdekl\u0151d\u0151 v\u00e1s\u00e1rl\u00f3kat.<\/p>\n<p>V\u00e9g\u00fcl is, az MV Agusta \u00e9s a Wyler Vetta k\u00f6z\u00f6s \u00f3r\u00e1i a st\u00edlus \u00e9s a technol\u00f3gia t\u00f6k\u00e9letes szimbi\u00f3zis\u00e1t testes\u00edtik meg, amely minden bizonnyal leny\u0171g\u00f6zi majd mindazokat, akik \u00e9rt\u00e9kelik a kiv\u00e1l\u00f3 min\u0151s\u00e9get \u00e9s az egyedi diz\u00e1jnt. Ha lehet\u0151s\u00e9ged van r\u00e1,<\/p>\n","protected":false},"excerpt":{"rendered":"Ha a motorok vil\u00e1g\u00e1ban otthonosan mozogsz, akkor biztosan hallott\u00e1l m\u00e1r az MV Agusta nev\u00e9vel f\u00e9mjelzett kiv\u00e1l\u00f3 min\u0151s\u00e9g\u0171 g\u00e9pekr\u0151l. Az olasz...","protected":false},"author":11,"featured_media":2716,"comment_status":"open","ping_status":"open","sticky":false,"template":"","format":"standard","meta":{"footnotes":""},"categories":[1],"tags":[308,350,1448,166,1447],"class_list":["post-2719","post","type-post","status-publish","format-standard","has-post-thumbnail","hentry","category-egyeb","tag-limitalt-kiadas","tag-mv-agusta-2","tag-orak","tag-partnerseg","tag-wyler-vetta"],"_links":{"self":[{"href":"https:\/\/mvaclub.org\/index.php\/wp-json\/wp\/v2\/posts\/2719","targetHints":{"allow":["GET"]}}],"collection":[{"href":"https:\/\/mvaclub.org\/index.php\/wp-json\/wp\/v2\/posts"}],"about":[{"href":"https:\/\/mvaclub.org\/index.php\/wp-json\/wp\/v2\/types\/post"}],"author":[{"embeddable":true,"href":"https:\/\/mvaclub.org\/index.php\/wp-json\/wp\/v2\/users\/11"}],"replies":[{"embeddable":true,"href":"https:\/\/mvaclub.org\/index.php\/wp-json\/wp\/v2\/comments?post=2719"}],"version-history":[{"count":0,"href":"https:\/\/mvaclub.org\/index.php\/wp-json\/wp\/v2\/posts\/2719\/revisions"}],"wp:featuredmedia":[{"embeddable":true,"href":"https:\/\/mvaclub.org\/index.php\/wp-json\/wp\/v2\/media\/2716"}],"wp:attachment":[{"href":"https:\/\/mvaclub.org\/index.php\/wp-json\/wp\/v2\/media?parent=2719"}],"wp:term":[{"taxonomy":"category","embeddable":true,"href":"https:\/\/mvaclub.org\/index.php\/wp-json\/wp\/v2\/categories?post=2719"},{"taxonomy":"post_tag","embeddable":true,"href":"https:\/\/mvaclub.org\/index.php\/wp-json\/wp\/v2\/tags?post=2719"}],"curies":[{"name":"wp","href":"https:\/\/api.w.org\/{rel}","templated":true}]}}