{"id":2697,"date":"2025-10-07T07:00:34","date_gmt":"2025-10-07T05:00:34","guid":{"rendered":"https:\/\/www.mvaclub.org\/index.php\/2025\/10\/07\/wp-felfuggesztes-uj-alkatreszek-a-2025-os-ktm-390-hez\/"},"modified":"2025-10-07T07:00:34","modified_gmt":"2025-10-07T05:00:34","slug":"wp-felfuggesztes-uj-alkatreszek-a-2025-os-ktm-390-hez","status":"publish","type":"post","link":"https:\/\/mvaclub.org\/index.php\/2025\/10\/07\/wp-felfuggesztes-uj-alkatreszek-a-2025-os-ktm-390-hez\/","title":{"rendered":"WP Felf\u00fcggeszt\u00e9s: \u00daj alkatr\u00e9szek a 2025-\u00f6s KTM 390-hez!"},"content":{"rendered":"<figure><img decoding=\"async\" src=\"https:\/\/www.mvaclub.org\/wp-content\/uploads\/2025\/10\/img_2432.jpg\" alt=\"WP Felf\u00fcggeszt\u00e9s: \u00daj alkatr\u00e9szek a 2025-\u00f6s KTM 390-hez!\" style=\"width:100%;margin-bottom:1em;\" title=\"\"><\/figure>\n<figure><img decoding=\"async\" src=\"https:\/\/www.mvaclub.org\/wp-content\/uploads\/2025\/10\/img_9905.jpg\" alt=\"WP Felf\u00fcggeszt\u00e9s: \u00daj alkatr\u00e9szek a 2025-\u00f6s KTM 390-hez!\" style=\"width:100%;margin-bottom:1em;\" title=\"\"><\/figure>\n<figure><img decoding=\"async\" src=\"https:\/\/www.mvaclub.org\/wp-content\/uploads\/2025\/10\/img_5724.jpg\" alt=\"WP Felf\u00fcggeszt\u00e9s: \u00daj alkatr\u00e9szek a 2025-\u00f6s KTM 390-hez!\" style=\"width:100%;margin-bottom:1em;\" title=\"\"><\/figure>\n<div class=\"related-posts\" style=\"margin:1em 0 1.2em 0;padding:0.8em;border:1px solid #eee;border-radius:6px;background:#fafafa;\"><strong>Kapcsol\u00f3d\u00f3 bejegyz\u00e9sek<\/strong><\/p>\n<ul style=\"margin:0.5em 0 0 1.2em;\">\n<li><a href=\"https:\/\/www.mvaclub.org\/index.php\/2025\/09\/24\/megerkezett-az-egyesult-kiralysagba-a-qjmotor-srt-600-s\/\">Meg\u00e9rkezett az Egyes\u00fclt Kir\u00e1lys\u00e1gba a QJMotor SRT 600 S!<\/a><\/li>\n<li><a href=\"https:\/\/www.mvaclub.org\/index.php\/2025\/08\/21\/a-2025-os-ev-10-legjobb-csupasz-szupermotorja\/\">A 2025-\u00f6s \u00c9v 10 Legjobb Csupasz Szupermotorja<\/a><\/li>\n<li><a href=\"https:\/\/www.mvaclub.org\/index.php\/2025\/08\/19\/a-2025-os-ev-10-legjobb-kalandmotorja-fedezd-fel-a-legizgalmasabb-modelleket\/\">A 2025-\u00f6s \u00e9v 10 legjobb kalandmotorja: Fedezd fel a legizgalmasabb modelleket!<\/a><\/li>\n<\/ul>\n<\/div>\n<p>**\u00dajdons\u00e1gok a l\u00e1that\u00e1ron: Friss\u00edt\u00e9sek a 2025-\u00f6s KTM 390 Enduro R \u00e9s Adventure R modellekhez**<\/p>\n<p>A motoros vil\u00e1g mindig izgalmas \u00faj\u00edt\u00e1sokkal van tele, \u00e9s most a KTM rajong\u00f3i sz\u00e1m\u00e1ra is van egy j\u00f3 h\u00edr: a 2025-\u00f6s 390 Enduro R \u00e9s Adventure R modellek \u00faj alkatr\u00e9szekkel gazdagodnak a WP Suspension j\u00f3volt\u00e1b\u00f3l. A WP Suspension, amely m\u00e1r r\u00e9g\u00f3ta elismert n\u00e9v a motoros fut\u00f3m\u0171vek ter\u00e9n, most \u00faj\u00edt\u00f3 szellem\u0171 fejleszt\u00e9sekkel rukkolt el\u0151, hogy m\u00e9g nagyobb \u00e9lm\u00e9nyt ny\u00fajtson a terepen \u00e9s az aszfalton egyar\u00e1nt.<\/p>\n<p>**\u00daj\u00edt\u00e1sok a k\u00e9nyelem \u00e9s teljes\u00edtm\u00e9ny jegy\u00e9ben**<\/p>\n<p>A legfrissebb h\u00edrek szerint a 2025-\u00f6s KTM 390 Enduro R \u00e9s Adventure R modellekhez a WP Suspension leg\u00fajabb patronos vill\u00e1i \u00e9s h\u00e1ts\u00f3 leng\u00e9scsillap\u00edt\u00f3 alkatr\u00e9szei is el\u00e9rhet\u0151k lesznek. Ezek az \u00faj\u00edt\u00e1sok nem csak a k\u00e9nyelem fokoz\u00e1s\u00e1ra szolg\u00e1lnak, hanem jelent\u0151s m\u00e9rt\u00e9kben jav\u00edtj\u00e1k a motorok teljes\u00edtm\u00e9ny\u00e9t is. A WP Suspension alkatr\u00e9szei k\u00f6zismerten kiv\u00e1l\u00f3 min\u0151s\u00e9g\u0171ek, \u00e9s a leg\u00fajabb technol\u00f3giai fejleszt\u00e9seik r\u00e9v\u00e9n m\u00e9g ink\u00e1bb megfelelnek a modern motorosok ig\u00e9nyeinek.<\/p>\n<p>**Mit jelent ez a motorosok sz\u00e1m\u00e1ra?**<\/p>\n<p>Az \u00faj WP alkatr\u00e9szek bevezet\u00e9se a KTM 390 Enduro R \u00e9s Adventure R modellekhez azt jelenti, hogy a motorosok mostant\u00f3l m\u00e9g nagyobb stabilit\u00e1st \u00e9s ir\u00e1ny\u00edthat\u00f3s\u00e1got \u00e9lvezhetnek, legyen sz\u00f3 ak\u00e1r neh\u00e9z terepr\u0151l, ak\u00e1r hosszabb t\u00far\u00e1kr\u00f3l. A fejlett patronos vill\u00e1k olyan szab\u00e1lyoz\u00e1si lehet\u0151s\u00e9geket k\u00edn\u00e1lnak, amelyek seg\u00edts\u00e9g\u00e9vel a motorosok k\u00f6nnyed\u00e9n testre szabhatj\u00e1k a fut\u00f3m\u0171vet saj\u00e1t vezet\u00e9si st\u00edlusukhoz \u00e9s a terepviszonyokhoz igazodva.<\/p>\n<p>**A j\u00f6v\u0151 \u00fatjai fel\u00e9**<\/p>\n<p>A KTM \u00e9s a WP Suspension egy\u00fcttm\u0171k\u00f6d\u00e9se nem \u00faj kelet\u0171, de ez az \u00faj l\u00e9p\u00e9s ism\u00e9t meger\u0151s\u00edti elk\u00f6telezetts\u00e9g\u00fcket a motoros k\u00f6z\u00f6ss\u00e9g ir\u00e1nt. Az \u00faj alkatr\u00e9szek bevezet\u00e9se azt mutatja, hogy a gy\u00e1rt\u00f3k folyamatosan keresik az innov\u00e1ci\u00f3 lehet\u0151s\u00e9geit, hogy a motoros \u00e9lm\u00e9nyeket m\u00e9g magasabb szintre emelj\u00e9k.<\/p>\n<p>\u00d6sszess\u00e9g\u00e9ben a 2025-\u00f6s KTM 390 Enduro R \u00e9s Adventure R modellek \u00faj WP Suspension alkatr\u00e9szeivel a motorosok mostant\u00f3l m\u00e9g t\u00f6bb kalandot \u00e9lhetnek \u00e1t, mik\u00f6zben a motoroz\u00e1s \u00e9lm\u00e9nye k\u00e9nyelmesebb \u00e9s \u00e9lvezetesebb lesz. Az \u00faj\u00edt\u00e1soknak k\u00f6sz\u00f6nhet\u0151en a j\u00f6v\u0151 motorosai biztosan nem fognak csal\u00f3dni.<\/p>\n","protected":false},"excerpt":{"rendered":"**\u00dajdons\u00e1gok a l\u00e1that\u00e1ron: Friss\u00edt\u00e9sek a 2025-\u00f6s KTM 390 Enduro R \u00e9s Adventure R modellekhez** A motoros vil\u00e1g mindig izgalmas \u00faj\u00edt\u00e1sokkal...","protected":false},"author":11,"featured_media":2694,"comment_status":"open","ping_status":"open","sticky":false,"template":"","format":"standard","meta":{"footnotes":""},"categories":[1],"tags":[1428,1429,1431,1430,1427],"class_list":["post-2697","post","type-post","status-publish","format-standard","has-post-thumbnail","hentry","category-egyeb","tag-2025-ktm-390-enduro-r","tag-2025-ktm-adventure-r","tag-hatso-lengescsillapito","tag-uj-alkatreszek","tag-wp-felfuggesztes"],"_links":{"self":[{"href":"https:\/\/mvaclub.org\/index.php\/wp-json\/wp\/v2\/posts\/2697","targetHints":{"allow":["GET"]}}],"collection":[{"href":"https:\/\/mvaclub.org\/index.php\/wp-json\/wp\/v2\/posts"}],"about":[{"href":"https:\/\/mvaclub.org\/index.php\/wp-json\/wp\/v2\/types\/post"}],"author":[{"embeddable":true,"href":"https:\/\/mvaclub.org\/index.php\/wp-json\/wp\/v2\/users\/11"}],"replies":[{"embeddable":true,"href":"https:\/\/mvaclub.org\/index.php\/wp-json\/wp\/v2\/comments?post=2697"}],"version-history":[{"count":0,"href":"https:\/\/mvaclub.org\/index.php\/wp-json\/wp\/v2\/posts\/2697\/revisions"}],"wp:featuredmedia":[{"embeddable":true,"href":"https:\/\/mvaclub.org\/index.php\/wp-json\/wp\/v2\/media\/2694"}],"wp:attachment":[{"href":"https:\/\/mvaclub.org\/index.php\/wp-json\/wp\/v2\/media?parent=2697"}],"wp:term":[{"taxonomy":"category","embeddable":true,"href":"https:\/\/mvaclub.org\/index.php\/wp-json\/wp\/v2\/categories?post=2697"},{"taxonomy":"post_tag","embeddable":true,"href":"https:\/\/mvaclub.org\/index.php\/wp-json\/wp\/v2\/tags?post=2697"}],"curies":[{"name":"wp","href":"https:\/\/api.w.org\/{rel}","templated":true}]}}