{"id":2575,"date":"2025-09-05T19:00:29","date_gmt":"2025-09-05T17:00:29","guid":{"rendered":"https:\/\/www.mvaclub.org\/index.php\/2025\/09\/05\/ducati-exkluziv-kiegeszitok-szeles-valaszteka-a-desmo450-mx-hez\/"},"modified":"2025-09-05T19:00:29","modified_gmt":"2025-09-05T17:00:29","slug":"ducati-exkluziv-kiegeszitok-szeles-valaszteka-a-desmo450-mx-hez","status":"publish","type":"post","link":"https:\/\/mvaclub.org\/index.php\/2025\/09\/05\/ducati-exkluziv-kiegeszitok-szeles-valaszteka-a-desmo450-mx-hez\/","title":{"rendered":"Ducati: Exkluz\u00edv kieg\u00e9sz\u00edt\u0151k sz\u00e9les v\u00e1laszt\u00e9ka a Desmo450 MX-hez!"},"content":{"rendered":"<p>A Ducati nemr\u00e9giben \u00faj szintre emelte a motoros rajong\u00f3k sz\u00e1m\u00e1ra el\u00e9rhet\u0151 lehet\u0151s\u00e9geket, amikor bemutatta a Desmo450 MX modellhez k\u00e9sz\u00fclt pr\u00e9mium kieg\u00e9sz\u00edt\u0151k gazdag v\u00e1laszt\u00e9k\u00e1t. Az olasz gy\u00e1rt\u00f3 mindig is h\u00edres volt arr\u00f3l, hogy k\u00fcl\u00f6nleges figyelmet ford\u00edt a r\u00e9szletekre \u00e9s a min\u0151s\u00e9gre, \u00e9s ez a kieg\u00e9sz\u00edt\u0151csomag sem kiv\u00e9tel.<\/p>\n<p>A Desmo450 MX-t m\u00e1r \u00f6nmag\u00e1ban is leny\u0171g\u00f6z\u0151 teljes\u00edtm\u00e9nnyel \u00e9s diz\u00e1jnnal l\u00e1tt\u00e1k el, de a Ducati most lehet\u0151s\u00e9get k\u00edn\u00e1l a tulajdonosoknak, hogy egy igazi gy\u00e1ri replika motorker\u00e9kp\u00e1rt \u00e9p\u00edtsenek maguknak. Az \u00faj kieg\u00e9sz\u00edt\u0151k k\u00f6z\u00f6tt megtal\u00e1lhat\u00f3k az olyan elemek, mint a k\u00f6nny\u0171f\u00e9m kerekek, a speci\u00e1lis felf\u00fcggeszt\u00e9sek, valamint a k\u00fcl\u00f6nf\u00e9le v\u00e9d\u0151elemek, amelyek nemcsak az eszt\u00e9tikai megjelen\u00e9st fokozz\u00e1k, hanem a motor teljes\u00edtm\u00e9ny\u00e9t is jav\u00edtj\u00e1k.<\/p>\n<p>A Ducati kieg\u00e9sz\u00edt\u0151i nemcsak a versenyp\u00e1ly\u00e1k szerelmeseinek sz\u00f3lnak, hanem azoknak is, akik egyszer\u0171en csak szeretn\u00e9k egyediv\u00e9 tenni motorjukat. A k\u00fcl\u00f6nb\u00f6z\u0151 alkatr\u00e9szek lehet\u0151v\u00e9 teszik, hogy mindenki a saj\u00e1t st\u00edlus\u00e1nak \u00e9s ig\u00e9nyeinek megfelel\u0151en alak\u00edtsa ki j\u00e1rm\u0171v\u00e9t. Ez a rugalmass\u00e1g k\u00fcl\u00f6n\u00f6sen vonz\u00f3v\u00e1 teszi a Desmo450 MX-t azok sz\u00e1m\u00e1ra, akik szeretik szem\u00e9lyre szabni motorjaikat.<\/p>\n<p>Az \u00faj kieg\u00e9sz\u00edt\u0151k list\u00e1ja nemcsak a motor teljes\u00edtm\u00e9ny\u00e9re, hanem annak hossz\u00fa \u00e9lettartam\u00e1ra is pozit\u00edv hat\u00e1ssal lehet. A Ducati \u00e1ltal k\u00edn\u00e1lt alkatr\u00e9szek pr\u00e9mium min\u0151s\u00e9ge garant\u00e1lja, hogy a motorosok sok\u00e1ig \u00e9lvezhetik majd k\u00e9tkerek\u0171j\u00fck el\u0151nyeit. R\u00e1ad\u00e1sul az olasz gy\u00e1rt\u00f3 biztos\u00edtja, hogy minden kieg\u00e9sz\u00edt\u0151 t\u00f6k\u00e9letesen illeszkedik a Desmo450 MX-hez, \u00edgy a beszerel\u00e9s nem okozhat probl\u00e9m\u00e1t.<\/p>\n<p>A Ducati ezzel a l\u00e9p\u00e9ssel ism\u00e9t bizony\u00edtotta, hogy mennyire fontos sz\u00e1m\u00e1ra a v\u00e1s\u00e1rl\u00f3i el\u00e9gedetts\u00e9g \u00e9s a motoros k\u00f6z\u00f6ss\u00e9g t\u00e1mogat\u00e1sa. Az \u00faj kieg\u00e9sz\u00edt\u0151k nemcsak a motorosok sz\u00e1m\u00e1ra ny\u00fajtanak \u00faj lehet\u0151s\u00e9geket, hanem a Ducati h\u0171s\u00e9gprogramj\u00e1t is tov\u00e1bb er\u0151s\u00edtik, hiszen a m\u00e1rka rajong\u00f3i \u00edgy m\u00e9g ink\u00e1bb kifejezhetik elk\u00f6telez\u0151d\u00e9s\u00fcket \u00e9s szenved\u00e9ly\u00fcket a motoroz\u00e1s ir\u00e1nt.<\/p>\n<p>\u00d6sszess\u00e9g\u00e9ben a Ducati mostani bejelent\u00e9se \u00fajabb m\u00e9rf\u00f6ldk\u0151 a pr\u00e9mium motoroz\u00e1s vil\u00e1g\u00e1ban. A Desmo450 MX kieg\u00e9sz\u00edt\u0151ivel a motorosok nemcsak egy st\u00edlusos \u00e9s nagy teljes\u00edtm\u00e9ny\u0171 j\u00e1rm\u0171vet birtokolhatnak, hanem egy val\u00f3di mesterm\u0171vet is, amely az utakon \u00e9s a versenyp\u00e1ly\u00e1kon egyar\u00e1nt meg\u00e1llja a hely\u00e9t.<\/p>\n","protected":false},"excerpt":{"rendered":"A Ducati nemr\u00e9giben \u00faj szintre emelte a motoros rajong\u00f3k sz\u00e1m\u00e1ra el\u00e9rhet\u0151 lehet\u0151s\u00e9geket, amikor bemutatta a Desmo450 MX modellhez k\u00e9sz\u00fclt pr\u00e9mium...","protected":false},"author":11,"featured_media":0,"comment_status":"open","ping_status":"open","sticky":false,"template":"","format":"standard","meta":{"footnotes":""},"categories":[1],"tags":[246,1154,198,1251,1250],"class_list":["post-2575","post","type-post","status-publish","format-standard","hentry","category-egyeb","tag-334cc-motor","tag-aruba-ducati","tag-desmo450-mx","tag-olasz-vallalat","tag-premium-kiegeszitok"],"_links":{"self":[{"href":"https:\/\/mvaclub.org\/index.php\/wp-json\/wp\/v2\/posts\/2575","targetHints":{"allow":["GET"]}}],"collection":[{"href":"https:\/\/mvaclub.org\/index.php\/wp-json\/wp\/v2\/posts"}],"about":[{"href":"https:\/\/mvaclub.org\/index.php\/wp-json\/wp\/v2\/types\/post"}],"author":[{"embeddable":true,"href":"https:\/\/mvaclub.org\/index.php\/wp-json\/wp\/v2\/users\/11"}],"replies":[{"embeddable":true,"href":"https:\/\/mvaclub.org\/index.php\/wp-json\/wp\/v2\/comments?post=2575"}],"version-history":[{"count":0,"href":"https:\/\/mvaclub.org\/index.php\/wp-json\/wp\/v2\/posts\/2575\/revisions"}],"wp:attachment":[{"href":"https:\/\/mvaclub.org\/index.php\/wp-json\/wp\/v2\/media?parent=2575"}],"wp:term":[{"taxonomy":"category","embeddable":true,"href":"https:\/\/mvaclub.org\/index.php\/wp-json\/wp\/v2\/categories?post=2575"},{"taxonomy":"post_tag","embeddable":true,"href":"https:\/\/mvaclub.org\/index.php\/wp-json\/wp\/v2\/tags?post=2575"}],"curies":[{"name":"wp","href":"https:\/\/api.w.org\/{rel}","templated":true}]}}