{"id":2572,"date":"2025-09-04T19:00:29","date_gmt":"2025-09-04T17:00:29","guid":{"rendered":"https:\/\/www.mvaclub.org\/index.php\/2025\/09\/04\/herve-poncharal-atadja-a-tech3-csapat-vezeteset-guenther-steinernek-ime-a-reszletek\/"},"modified":"2025-09-04T19:00:29","modified_gmt":"2025-09-04T17:00:29","slug":"herve-poncharal-atadja-a-tech3-csapat-vezeteset-guenther-steinernek-ime-a-reszletek","status":"publish","type":"post","link":"https:\/\/mvaclub.org\/index.php\/2025\/09\/04\/herve-poncharal-atadja-a-tech3-csapat-vezeteset-guenther-steinernek-ime-a-reszletek\/","title":{"rendered":"Herve Poncharal \u00e1tadja a Tech3 csapat vezet\u00e9s\u00e9t Guenther Steinernek &#8211; \u00cdme a r\u00e9szletek!"},"content":{"rendered":"<p>A MotoGP vil\u00e1g\u00e1ban jelent\u0151s v\u00e1ltoz\u00e1sok vannak kil\u00e1t\u00e1sban, hiszen Herve Poncharal, a Tech3 KTM csapat vezet\u0151je, bejelentette, hogy t\u00e1rgyal\u00e1sokat folytat a csapat elad\u00e1s\u00e1r\u00f3l. A h\u00edrek szerint Poncharal a csapatot Guenther Steinernek, a Formula 1-ben m\u00e1r j\u00f3l ismert szakembernek adn\u00e1 \u00e1t.<\/p>\n<p>Poncharal \u00e9vtizedeken \u00e1t\u00edvel\u0151 karrierje alatt a Tech3 csapatot a MotoGP egyik meghat\u00e1roz\u00f3 alakulat\u00e1v\u00e1 tette. Azonban most \u00fagy t\u0171nik, el\u00e9rkezett az id\u0151, hogy \u00faj fejezetet nyissanak. Az \u00e1tszervez\u00e9s c\u00e9lja, hogy friss lend\u00fcletet adjon a csapatnak, \u00e9s \u00faj perspekt\u00edv\u00e1kat nyisson meg a j\u00f6v\u0151beni sikerek \u00e9rdek\u00e9ben.<\/p>\n<p>Guenther Steiner neve nem ismeretlen a motorsport rajong\u00f3i sz\u00e1m\u00e1ra. Az amerikai Haas F1 Team csapatf\u0151n\u00f6kek\u00e9nt szerzett h\u00edrnevet, \u00e9s szak\u00e9rtelme, valamint vezet\u0151i k\u00e9pess\u00e9gei r\u00e9v\u00e9n \u00faj ir\u00e1nyt adhat a Tech3 KTM sz\u00e1m\u00e1ra. A t\u00e1rgyal\u00e1sok m\u00e9g folyamatban vannak, de a k\u00e9t vezet\u0151 elk\u00f6telezett amellett, hogy sikeres meg\u00e1llapod\u00e1s sz\u00fclessen.<\/p>\n<p>Az \u00e1tad\u00e1s h\u00e1tter\u00e9ben t\u00f6bb t\u00e9nyez\u0151 is \u00e1llhat, bele\u00e9rtve a MotoGP folyamatosan v\u00e1ltoz\u00f3 k\u00f6rnyezet\u00e9t, amely \u00faj kih\u00edv\u00e1sokat \u00e9s lehet\u0151s\u00e9geket k\u00edn\u00e1l. Poncharal \u00e9s Steiner is felismerte, hogy a sport\u00e1g fejl\u0151d\u00e9se \u00e9rdek\u00e9ben sz\u00fcks\u00e9g van a csapatok k\u00f6z\u00f6tti szorosabb egy\u00fcttm\u0171k\u00f6d\u00e9sre \u00e9s a tapasztalatok megoszt\u00e1s\u00e1ra.<\/p>\n<p>A d\u00f6nt\u00e9s, hogy a Tech3 csapatot Guenther Steinerre b\u00edzz\u00e1k, \u00faj strat\u00e9gi\u00e1k \u00e9s innov\u00e1ci\u00f3k bevezet\u00e9s\u00e9t is jelentheti. A c\u00e9l az, hogy a csapat tov\u00e1bbra is versenyk\u00e9pes maradjon, \u00e9s a lehet\u0151 legjobb eredm\u00e9nyeket \u00e9rje el a MotoGP vil\u00e1g\u00e1ban.<\/p>\n<p>A motorsport szerelmesei izgatottan v\u00e1rj\u00e1k, hogy mi fog t\u00f6rt\u00e9nni a Tech3 KTM csapattal, \u00e9s hogyan alakul majd az egy\u00fcttm\u0171k\u00f6d\u00e9s Steinerrel. Egy biztos: a v\u00e1ltoz\u00e1sok mindig izgalmas lehet\u0151s\u00e9geket rejtenek magukban, \u00e9s a k\u00f6vetkez\u0151 \u00e9vekben \u00fajabb eml\u00e9kezetes pillanatokat hozhatnak a motorsport rajong\u00f3i sz\u00e1m\u00e1ra.<\/p>\n","protected":false},"excerpt":{"rendered":"A MotoGP vil\u00e1g\u00e1ban jelent\u0151s v\u00e1ltoz\u00e1sok vannak kil\u00e1t\u00e1sban, hiszen Herve Poncharal, a Tech3 KTM csapat vezet\u0151je, bejelentette, hogy t\u00e1rgyal\u00e1sokat folytat a...","protected":false},"author":11,"featured_media":0,"comment_status":"open","ping_status":"open","sticky":false,"template":"","format":"standard","meta":{"footnotes":""},"categories":[1],"tags":[942,1245,304,234,1244],"class_list":["post-2572","post","type-post","status-publish","format-standard","hentry","category-egyeb","tag-guenther-steiner","tag-herve-poncharal","tag-ktm","tag-motogp","tag-tech3-csapat"],"_links":{"self":[{"href":"https:\/\/mvaclub.org\/index.php\/wp-json\/wp\/v2\/posts\/2572","targetHints":{"allow":["GET"]}}],"collection":[{"href":"https:\/\/mvaclub.org\/index.php\/wp-json\/wp\/v2\/posts"}],"about":[{"href":"https:\/\/mvaclub.org\/index.php\/wp-json\/wp\/v2\/types\/post"}],"author":[{"embeddable":true,"href":"https:\/\/mvaclub.org\/index.php\/wp-json\/wp\/v2\/users\/11"}],"replies":[{"embeddable":true,"href":"https:\/\/mvaclub.org\/index.php\/wp-json\/wp\/v2\/comments?post=2572"}],"version-history":[{"count":0,"href":"https:\/\/mvaclub.org\/index.php\/wp-json\/wp\/v2\/posts\/2572\/revisions"}],"wp:attachment":[{"href":"https:\/\/mvaclub.org\/index.php\/wp-json\/wp\/v2\/media?parent=2572"}],"wp:term":[{"taxonomy":"category","embeddable":true,"href":"https:\/\/mvaclub.org\/index.php\/wp-json\/wp\/v2\/categories?post=2572"},{"taxonomy":"post_tag","embeddable":true,"href":"https:\/\/mvaclub.org\/index.php\/wp-json\/wp\/v2\/tags?post=2572"}],"curies":[{"name":"wp","href":"https:\/\/api.w.org\/{rel}","templated":true}]}}