{"id":2053,"date":"2025-06-24T07:00:26","date_gmt":"2025-06-24T05:00:26","guid":{"rendered":"https:\/\/www.mvaclub.org\/index.php\/2025\/06\/24\/aggaszto-kutatas-nincs-eleg-parkolohely-a-motorosoknak\/"},"modified":"2025-06-24T07:00:26","modified_gmt":"2025-06-24T05:00:26","slug":"aggaszto-kutatas-nincs-eleg-parkolohely-a-motorosoknak","status":"publish","type":"post","link":"https:\/\/mvaclub.org\/index.php\/2025\/06\/24\/aggaszto-kutatas-nincs-eleg-parkolohely-a-motorosoknak\/","title":{"rendered":"Aggaszt\u00f3 kutat\u00e1s: Nincs el\u00e9g parkol\u00f3hely a motorosoknak!"},"content":{"rendered":"<figure><img decoding=\"async\" src=\"https:\/\/www.mvaclub.org\/wp-content\/uploads\/2025\/06\/fallback_7434.jpg\" alt=\"Aggaszt\u00f3 kutat\u00e1s: Nincs el\u00e9g parkol\u00f3hely a motorosoknak!\" style=\"width:100%;margin-bottom:1em;\" title=\"\"><\/figure>\n<p>Az Egyes\u00fclt Kir\u00e1lys\u00e1gban a motorker\u00e9kp\u00e1ros k\u00f6z\u00f6ss\u00e9g tagjai egyre hangosabban fejezik ki el\u00e9gedetlens\u00e9g\u00fcket a parkol\u00e1si lehet\u0151s\u00e9gek hi\u00e1nya miatt. Egy friss kutat\u00e1s r\u00e1vil\u00e1g\u00edtott arra, hogy a helyi \u00f6nkorm\u00e1nyzatok nem biztos\u00edtanak elegend\u0151 dedik\u00e1lt parkol\u00f3helyet a motorosok sz\u00e1m\u00e1ra, ami komoly aggodalmakat keltett mind a motorosok, mind a k\u00f6zleked\u00e9si szak\u00e9rt\u0151k k\u00f6r\u00e9ben.<\/p>\n<p>A kutat\u00e1s sor\u00e1n kider\u00fclt, hogy sz\u00e1mos v\u00e1rosban \u00e9s telep\u00fcl\u00e9sen a motorker\u00e9kp\u00e1rok sz\u00e1m\u00e1ra fenntartott parkol\u00f3helyek sz\u00e1ma szinte eleny\u00e9sz\u0151, \u00e9s gyakran nem veszik figyelembe a motorosok speci\u00e1lis ig\u00e9nyeit. Ez nemcsak frusztr\u00e1ci\u00f3t v\u00e1lt ki a k\u00f6z\u00f6ss\u00e9g tagjaib\u00f3l, hanem biztons\u00e1gi kock\u00e1zatokat is jelent, hiszen a motorosok k\u00e9nytelenek nem megfelel\u0151 helyeken parkolni, ami n\u00f6veli a lop\u00e1sok \u00e9s a k\u00e1rokoz\u00e1sok es\u00e9ly\u00e9t.<\/p>\n<p>A probl\u00e9ma megold\u00e1s\u00e1ra a motorosok \u00e9rdekk\u00e9pviseleti szervezetei m\u00e1r felvett\u00e9k a kapcsolatot a helyi \u00f6nkorm\u00e1nyzatokkal, \u00e9s s\u00fcrgetik a d\u00f6nt\u00e9shoz\u00f3kat, hogy tegyenek l\u00e9p\u00e9seket a helyzet jav\u00edt\u00e1sa \u00e9rdek\u00e9ben. Javaslataik k\u00f6z\u00f6tt szerepel t\u00f6bb dedik\u00e1lt parkol\u00f3hely kialak\u00edt\u00e1sa, valamint a m\u00e1r megl\u00e9v\u0151 parkol\u00f3k biztons\u00e1g\u00e1nak \u00e9s k\u00e9nyelm\u00e9nek n\u00f6vel\u00e9se.<\/p>\n<p>A motoros k\u00f6z\u00f6ss\u00e9g hangs\u00falyozza, hogy a motorker\u00e9kp\u00e1rok fenntarthat\u00f3s\u00e1gi szempontb\u00f3l is el\u0151ny\u00f6sek, hiszen kevesebb helyet foglalnak el az utakon, \u00e9s alacsonyabb sz\u00e9n-dioxid-kibocs\u00e1t\u00e1ssal rendelkeznek, mint az aut\u00f3k. \u00c9ppen ez\u00e9rt fontos lenne, hogy a v\u00e1rosok \u00e9s \u00f6nkorm\u00e1nyzatok felismerj\u00e9k a motoros k\u00f6zleked\u00e9s el\u0151nyeit, \u00e9s \u00f6szt\u00f6n\u00f6zz\u00e9k annak elterjed\u00e9s\u00e9t a megfelel\u0151 infrastrukt\u00fara biztos\u00edt\u00e1s\u00e1val.<\/p>\n<p>Ez a kutat\u00e1s nemcsak a motorosok sz\u00e1m\u00e1ra szolg\u00e1l figyelmeztet\u00e9sk\u00e9nt, hanem a v\u00e1rosi tervez\u0151k \u00e9s politikai d\u00f6nt\u00e9shoz\u00f3k sz\u00e1m\u00e1ra is, akiknek fel kell ismerni\u00fck, hogy a modern v\u00e1rosi k\u00f6zleked\u00e9sben minden k\u00f6zleked\u00e9si m\u00f3dnak megvan a maga helye. A probl\u00e9ma megold\u00e1sa nemcsak a motorosok, hanem a v\u00e1rosok sz\u00e1m\u00e1ra is el\u0151ny\u00f6s lenne, hiszen seg\u00edthetne a forgalmi dug\u00f3k cs\u00f6kkent\u00e9s\u00e9ben \u00e9s a k\u00f6rnyezetv\u00e9delem el\u0151mozd\u00edt\u00e1s\u00e1ban.<\/p>\n","protected":false},"excerpt":{"rendered":"Az Egyes\u00fclt Kir\u00e1lys\u00e1gban a motorker\u00e9kp\u00e1ros k\u00f6z\u00f6ss\u00e9g tagjai egyre hangosabban fejezik ki el\u00e9gedetlens\u00e9g\u00fcket a parkol\u00e1si lehet\u0151s\u00e9gek hi\u00e1nya miatt. Egy friss kutat\u00e1s...","protected":false},"author":11,"featured_media":2052,"comment_status":"open","ping_status":"open","sticky":false,"template":"","format":"standard","meta":{"footnotes":""},"categories":[1],"tags":[191,527,526,529,528],"class_list":["post-2053","post","type-post","status-publish","format-standard","has-post-thumbnail","hentry","category-egyeb","tag-egyesult-kiralysag","tag-motoros-helyek-hianya","tag-motoros-parkolas","tag-onkormanyzatok","tag-parkolasi-problema"],"_links":{"self":[{"href":"https:\/\/mvaclub.org\/index.php\/wp-json\/wp\/v2\/posts\/2053","targetHints":{"allow":["GET"]}}],"collection":[{"href":"https:\/\/mvaclub.org\/index.php\/wp-json\/wp\/v2\/posts"}],"about":[{"href":"https:\/\/mvaclub.org\/index.php\/wp-json\/wp\/v2\/types\/post"}],"author":[{"embeddable":true,"href":"https:\/\/mvaclub.org\/index.php\/wp-json\/wp\/v2\/users\/11"}],"replies":[{"embeddable":true,"href":"https:\/\/mvaclub.org\/index.php\/wp-json\/wp\/v2\/comments?post=2053"}],"version-history":[{"count":0,"href":"https:\/\/mvaclub.org\/index.php\/wp-json\/wp\/v2\/posts\/2053\/revisions"}],"wp:featuredmedia":[{"embeddable":true,"href":"https:\/\/mvaclub.org\/index.php\/wp-json\/wp\/v2\/media\/2052"}],"wp:attachment":[{"href":"https:\/\/mvaclub.org\/index.php\/wp-json\/wp\/v2\/media?parent=2053"}],"wp:term":[{"taxonomy":"category","embeddable":true,"href":"https:\/\/mvaclub.org\/index.php\/wp-json\/wp\/v2\/categories?post=2053"},{"taxonomy":"post_tag","embeddable":true,"href":"https:\/\/mvaclub.org\/index.php\/wp-json\/wp\/v2\/tags?post=2053"}],"curies":[{"name":"wp","href":"https:\/\/api.w.org\/{rel}","templated":true}]}}