{"id":2047,"date":"2025-06-23T07:00:24","date_gmt":"2025-06-23T05:00:24","guid":{"rendered":"https:\/\/www.mvaclub.org\/index.php\/2025\/06\/23\/alpinestars-bemutatja-az-all-terra-t-uj-kalandfelszereles-kollekcio-a-2025-os-tavaszra\/"},"modified":"2025-06-23T07:00:24","modified_gmt":"2025-06-23T05:00:24","slug":"alpinestars-bemutatja-az-all-terra-t-uj-kalandfelszereles-kollekcio-a-2025-os-tavaszra","status":"publish","type":"post","link":"https:\/\/mvaclub.org\/index.php\/2025\/06\/23\/alpinestars-bemutatja-az-all-terra-t-uj-kalandfelszereles-kollekcio-a-2025-os-tavaszra\/","title":{"rendered":"Alpinestars bemutatja az All Terra-t: \u00faj kalandfelszerel\u00e9s kollekci\u00f3 a 2025-\u00f6s tavaszra!"},"content":{"rendered":"<figure><img decoding=\"async\" src=\"https:\/\/www.mvaclub.org\/wp-content\/uploads\/2025\/06\/fallback_4085.jpg\" alt=\"Alpinestars bemutatja az All Terra-t: \u00faj kalandfelszerel\u00e9s kollekci\u00f3 a 2025-\u00f6s tavaszra!\" style=\"width:100%;margin-bottom:1em;\" title=\"\"><\/figure>\n<p>A motoros vil\u00e1g izgalmas h\u00edrekkel gazdagodott, hiszen az Alpinestars bemutatta leg\u00fajabb kollekci\u00f3j\u00e1t, az All Terra sorozatot, amely a 2025-\u00f6s tavaszi szezonra k\u00e9sz\u00fcl. Ez a term\u00e9kcsal\u00e1d k\u00fcl\u00f6n\u00f6sen azoknak sz\u00f3l, akik nem riadnak vissza a kalandos utak kih\u00edv\u00e1sait\u00f3l \u00e9s a v\u00e1ltoz\u00e9kony id\u0151j\u00e1r\u00e1st\u00f3l.<\/p>\n<p>A motoroz\u00e1s szerelmesei j\u00f3l tudj\u00e1k, hogy egy igaz\u00e1n kalandos t\u00fara sor\u00e1n nem mindig sz\u00e1m\u00edthatunk sima \u00fatra vagy der\u00fclt \u00e9gre. Az Alpinestars ezt a szellemis\u00e9get szem el\u0151tt tartva alkotta meg az All Terra kollekci\u00f3t, amelyet kifejezetten az utak n\u00e9lk\u00fcli, kih\u00edv\u00e1sokkal teli terepek megh\u00f3d\u00edt\u00e1s\u00e1ra terveztek. A m\u00e1rka c\u00e9lja, hogy a motorosok minden k\u00f6r\u00fclm\u00e9nyek k\u00f6z\u00f6tt magabiztosan \u00e9s biztons\u00e1gban \u00e9rezz\u00e9k magukat.<\/p>\n<p>Az \u00faj sorozat darabjai kiv\u00e1l\u00f3 min\u0151s\u00e9g\u0171 anyagokb\u00f3l k\u00e9sz\u00fcltek, amelyek ellen\u00e1llnak az id\u0151j\u00e1r\u00e1s viszontags\u00e1gainak. Az All Terra term\u00e9kek nem csak a v\u00e9delemr\u0151l gondoskodnak, hanem a k\u00e9nyelemr\u0151l \u00e9s a funkcionalit\u00e1sr\u00f3l is. Az Alpinestars innovat\u00edv technol\u00f3gi\u00e1kat alkalmazott, hogy a felszerel\u00e9sek ne csak praktikusak, hanem st\u00edlusosak is legyenek.<\/p>\n<p>A kollekci\u00f3 minden darabja \u00fagy lett kialak\u00edtva, hogy a motorosok teljes m\u00e9rt\u00e9kben ki\u00e9lvezhess\u00e9k a kaland ny\u00fajtotta \u00e9lm\u00e9nyeket, legyen sz\u00f3 ak\u00e1r egy g\u00f6r\u00f6ngy\u00f6s hegyi \u00f6sv\u00e9nyr\u0151l vagy egy s\u00e1rba borult vid\u00e9ki \u00fatr\u00f3l. Az Alpinestars ezzel a sorozattal igyekszik \u00faj m\u00e9rc\u00e9t \u00e1ll\u00edtani a motoros felszerel\u00e9sek piac\u00e1n, hangs\u00falyozva a tart\u00f3ss\u00e1g, a biztons\u00e1g \u00e9s a komfort fontoss\u00e1g\u00e1t.<\/p>\n<p>Az Alpinestars All Terra kollekci\u00f3ja teh\u00e1t nem csup\u00e1n egy \u00fajabb term\u00e9ksorozat, hanem egy felh\u00edv\u00e1s a kalandv\u00e1gy\u00f3 motorosok sz\u00e1m\u00e1ra, hogy b\u00e1tran l\u00e9pjenek ki a komfortz\u00f3n\u00e1jukb\u00f3l. A m\u00e1rka ezzel a l\u00e9p\u00e9ssel ism\u00e9t bizony\u00edtja elk\u00f6telezetts\u00e9g\u00e9t a min\u0151s\u00e9g \u00e9s az innov\u00e1ci\u00f3 ir\u00e1nt, \u00e9s izgalmas alternat\u00edv\u00e1t k\u00edn\u00e1l azoknak, akik nem riadnak vissza az ismeretlen terepekt\u0151l.<\/p>\n","protected":false},"excerpt":{"rendered":"A motoros vil\u00e1g izgalmas h\u00edrekkel gazdagodott, hiszen az Alpinestars bemutatta leg\u00fajabb kollekci\u00f3j\u00e1t, az All Terra sorozatot, amely a 2025-\u00f6s tavaszi...","protected":false},"author":11,"featured_media":2046,"comment_status":"open","ping_status":"open","sticky":false,"template":"","format":"standard","meta":{"footnotes":""},"categories":[1],"tags":[519,517,416,516,518],"class_list":["post-2047","post","type-post","status-publish","format-standard","has-post-thumbnail","hentry","category-egyeb","tag-2025-tavasz","tag-all-terra","tag-alpinestars","tag-kalandfelszereles","tag-motoros-ruhazat"],"_links":{"self":[{"href":"https:\/\/mvaclub.org\/index.php\/wp-json\/wp\/v2\/posts\/2047","targetHints":{"allow":["GET"]}}],"collection":[{"href":"https:\/\/mvaclub.org\/index.php\/wp-json\/wp\/v2\/posts"}],"about":[{"href":"https:\/\/mvaclub.org\/index.php\/wp-json\/wp\/v2\/types\/post"}],"author":[{"embeddable":true,"href":"https:\/\/mvaclub.org\/index.php\/wp-json\/wp\/v2\/users\/11"}],"replies":[{"embeddable":true,"href":"https:\/\/mvaclub.org\/index.php\/wp-json\/wp\/v2\/comments?post=2047"}],"version-history":[{"count":0,"href":"https:\/\/mvaclub.org\/index.php\/wp-json\/wp\/v2\/posts\/2047\/revisions"}],"wp:featuredmedia":[{"embeddable":true,"href":"https:\/\/mvaclub.org\/index.php\/wp-json\/wp\/v2\/media\/2046"}],"wp:attachment":[{"href":"https:\/\/mvaclub.org\/index.php\/wp-json\/wp\/v2\/media?parent=2047"}],"wp:term":[{"taxonomy":"category","embeddable":true,"href":"https:\/\/mvaclub.org\/index.php\/wp-json\/wp\/v2\/categories?post=2047"},{"taxonomy":"post_tag","embeddable":true,"href":"https:\/\/mvaclub.org\/index.php\/wp-json\/wp\/v2\/tags?post=2047"}],"curies":[{"name":"wp","href":"https:\/\/api.w.org\/{rel}","templated":true}]}}