{"id":1974,"date":"2025-06-12T14:50:25","date_gmt":"2025-06-12T12:50:25","guid":{"rendered":"https:\/\/www.mvaclub.org\/index.php\/2025\/06\/12\/a-honda-gb350s-tarol-a-wheels-waves-2025-on-11-lenyugozo-atalakitassal\/"},"modified":"2025-06-12T14:50:25","modified_gmt":"2025-06-12T12:50:25","slug":"a-honda-gb350s-tarol-a-wheels-waves-2025-on-11-lenyugozo-atalakitassal","status":"publish","type":"post","link":"https:\/\/mvaclub.org\/index.php\/2025\/06\/12\/a-honda-gb350s-tarol-a-wheels-waves-2025-on-11-lenyugozo-atalakitassal\/","title":{"rendered":"A Honda GB350S Tarol a Wheels &#038; Waves 2025-\u00f6n 11 Leny\u0171g\u00f6z\u0151 \u00c1talak\u00edt\u00e1ssal!"},"content":{"rendered":"<figure><img decoding=\"async\" src=\"https:\/\/www.mvaclub.org\/wp-content\/uploads\/2025\/06\/fallback_5613.jpg\" alt=\"A Honda GB350S Tarol a Wheels &#038; Waves 2025-\u00f6n 11 Leny\u0171g\u00f6z\u0151 \u00c1talak\u00edt\u00e1ssal!\" style=\"width:100%;margin-bottom:1em;\" title=\"\"><\/figure>\n<p>A Wheels &#038; Waves 2025 fesztiv\u00e1l ism\u00e9t leny\u0171g\u00f6zte a motorrajong\u00f3kat, amikor a Honda GB350S modellek k\u00fcl\u00f6nleges \u00e9p\u00edt\u00e9sei ker\u00fcltek reflektorf\u00e9nybe. Az esem\u00e9nyen bemutatkozott tizenegy egyedi motor, amelyek mindegyike Eur\u00f3pa k\u00fcl\u00f6nb\u00f6z\u0151 r\u00e9szeib\u0151l \u00e9rkezett, hogy megmutassa a Hondacustoms verseny kreat\u00edv erej\u00e9t \u00e9s retro hangulat\u00e1t.<\/p>\n<p>Ez a verseny nem csup\u00e1n egy szokv\u00e1nyos motor\u00e9p\u00edt\u0151 megm\u00e9rettet\u00e9s; sokkal ink\u00e1bb egy platform, ahol a diz\u00e1jnerek \u00e9s motor\u00e9p\u00edt\u0151k szabadj\u00e1ra engedhetik k\u00e9pzelet\u00fcket. A Honda GB350S modellek alapvet\u0151en is vonz\u00f3ak letisztult vonalaikkal \u00e9s klasszikus megjelen\u00e9s\u00fckkel, de a mostani \u00e9p\u00edt\u00e9sek \u00faj szintre emelt\u00e9k ezt az ikonikus modellt.<\/p>\n<p>Az idei ki\u00e1ll\u00edt\u00e1son szerepl\u0151 motorok k\u00f6z\u00f6tt tal\u00e1lkozhattunk futurisztikus megold\u00e1sokkal, amelyek a modern technol\u00f3gi\u00e1t \u00e9s a klasszikus diz\u00e1jnt \u00f6tv\u00f6zt\u00e9k. Az egyik \u00e9p\u00edt\u00e9s p\u00e9ld\u00e1ul mer\u00e9sz sz\u00ednv\u00e1laszt\u00e1s\u00e1val \u00e9s k\u00fcl\u00f6nleges f\u00e9nyez\u00e9s\u00e9vel h\u00edvta fel mag\u00e1ra a figyelmet, m\u00edg egy m\u00e1sik a retr\u00f3 st\u00edlus jegy\u00e9ben a m\u00falt sz\u00e1zad k\u00f6zep\u00e9nek hangulat\u00e1t id\u00e9zte meg, mindezt a leg\u00fajabb technikai megold\u00e1sokkal \u00f6tv\u00f6zve.<\/p>\n<p>A Hondacustoms verseny nem csup\u00e1n a kreativit\u00e1sr\u00f3l sz\u00f3l, hanem a k\u00f6z\u00f6ss\u00e9g erej\u00e9r\u0151l is. Az esem\u00e9ny lehet\u0151s\u00e9get adott a r\u00e9sztvev\u0151knek, hogy kapcsolatba l\u00e9pjenek egym\u00e1ssal, megossz\u00e1k \u00f6tleteiket \u00e9s inspir\u00e1ci\u00f3t mer\u00edtsenek a k\u00fcl\u00f6nb\u00f6z\u0151 megk\u00f6zel\u00edt\u00e9sekb\u0151l. Az ilyen tal\u00e1lkoz\u00f3k remek alkalmat jelentenek arra, hogy a motoros k\u00f6z\u00f6ss\u00e9g tagjai egy\u00fctt \u00fcnnepelj\u00e9k a motoroz\u00e1s \u00e9s a diz\u00e1jn ir\u00e1nti szenved\u00e9ly\u00fcket.<\/p>\n<p>Az esem\u00e9ny rendk\u00edv\u00fcl sikeresnek bizonyult, \u00e9s ism\u00e9t bebizony\u00edtotta, hogy a Wheels &#038; Waves nem csup\u00e1n egy fesztiv\u00e1l, hanem egy k\u00fcl\u00f6nleges \u00e9lm\u00e9ny, ahol a motoros kult\u00fara \u00e9s a kreativit\u00e1s tal\u00e1lkozik. A Honda GB350S \u00e9p\u00edt\u00e9sei pedig id\u00e9n is r\u00e1vil\u00e1g\u00edtottak arra, hogy a motoroz\u00e1s nem csak k\u00f6zleked\u00e9si forma, hanem egy \u00e9letst\u00edlus, amely folyamatosan inspir\u00e1lja \u00e9s meg\u00faj\u00edtja \u00f6nmag\u00e1t.<\/p>\n","protected":false},"excerpt":{"rendered":"A Wheels & Waves 2025 fesztiv\u00e1l ism\u00e9t leny\u0171g\u00f6zte a motorrajong\u00f3kat, amikor a Honda GB350S modellek k\u00fcl\u00f6nleges \u00e9p\u00edt\u00e9sei ker\u00fcltek reflektorf\u00e9nybe. Az...","protected":false},"author":11,"featured_media":1973,"comment_status":"open","ping_status":"open","sticky":false,"template":"","format":"standard","meta":{"footnotes":""},"categories":[1],"tags":[389,386,388,390,387],"class_list":["post-1974","post","type-post","status-publish","format-standard","has-post-thumbnail","hentry","category-egyeb","tag-egyedi-motorepitesek","tag-honda-gb350s","tag-hondacustoms-verseny","tag-retro-stilus","tag-wheels-waves-2025"],"_links":{"self":[{"href":"https:\/\/mvaclub.org\/index.php\/wp-json\/wp\/v2\/posts\/1974","targetHints":{"allow":["GET"]}}],"collection":[{"href":"https:\/\/mvaclub.org\/index.php\/wp-json\/wp\/v2\/posts"}],"about":[{"href":"https:\/\/mvaclub.org\/index.php\/wp-json\/wp\/v2\/types\/post"}],"author":[{"embeddable":true,"href":"https:\/\/mvaclub.org\/index.php\/wp-json\/wp\/v2\/users\/11"}],"replies":[{"embeddable":true,"href":"https:\/\/mvaclub.org\/index.php\/wp-json\/wp\/v2\/comments?post=1974"}],"version-history":[{"count":0,"href":"https:\/\/mvaclub.org\/index.php\/wp-json\/wp\/v2\/posts\/1974\/revisions"}],"wp:featuredmedia":[{"embeddable":true,"href":"https:\/\/mvaclub.org\/index.php\/wp-json\/wp\/v2\/media\/1973"}],"wp:attachment":[{"href":"https:\/\/mvaclub.org\/index.php\/wp-json\/wp\/v2\/media?parent=1974"}],"wp:term":[{"taxonomy":"category","embeddable":true,"href":"https:\/\/mvaclub.org\/index.php\/wp-json\/wp\/v2\/categories?post=1974"},{"taxonomy":"post_tag","embeddable":true,"href":"https:\/\/mvaclub.org\/index.php\/wp-json\/wp\/v2\/tags?post=1974"}],"curies":[{"name":"wp","href":"https:\/\/api.w.org\/{rel}","templated":true}]}}