{"id":1962,"date":"2025-06-10T19:00:37","date_gmt":"2025-06-10T17:00:37","guid":{"rendered":"https:\/\/www.mvaclub.org\/index.php\/2025\/06\/10\/hivatalos-toprak-razgatlioglu-a-prima-pramac-yamaha-motogp-csapatahoz-csatlakozik-2026-ban\/"},"modified":"2025-06-10T19:00:37","modified_gmt":"2025-06-10T17:00:37","slug":"hivatalos-toprak-razgatlioglu-a-prima-pramac-yamaha-motogp-csapatahoz-csatlakozik-2026-ban","status":"publish","type":"post","link":"https:\/\/mvaclub.org\/index.php\/2025\/06\/10\/hivatalos-toprak-razgatlioglu-a-prima-pramac-yamaha-motogp-csapatahoz-csatlakozik-2026-ban\/","title":{"rendered":"Hivatalos: Toprak Razgatl\u0131o\u011flu a Prima Pramac Yamaha MotoGP csapat\u00e1hoz csatlakozik 2026-ban!"},"content":{"rendered":"<figure><img decoding=\"async\" src=\"https:\/\/www.mvaclub.org\/wp-content\/uploads\/2025\/06\/fallback_3864.jpg\" alt=\"Hivatalos: Toprak Razgatl\u0131o\u011flu a Prima Pramac Yamaha MotoGP csapat\u00e1hoz csatlakozik 2026-ban!\" style=\"width:100%;margin-bottom:1em;\" title=\"\"><\/figure>\n<p>A motorsport vil\u00e1g\u00e1ban izgalmas fejlem\u00e9nyek t\u00f6rt\u00e9ntek, hiszen a tehets\u00e9ges t\u00f6r\u00f6k motorversenyz\u0151, Toprak Razgatl\u0131o\u011flu hivatalosan is csatlakozik a Prima Pramac Yamaha MotoGP csapat\u00e1hoz 2026-ban. Razgatl\u0131o\u011flu, aki az elm\u00falt \u00e9vekben leny\u0171g\u00f6z\u0151 teljes\u00edtm\u00e9nyt ny\u00fajtott a Superbike vil\u00e1gbajnoks\u00e1gon, most \u00e9let\u00e9nek \u00faj szakasz\u00e1ba l\u00e9p a MotoGP vil\u00e1g\u00e1val.<\/p>\n<p>A h\u00edr nemcsak a motorsport rajong\u00f3inak k\u00f6r\u00e9ben okozott izgalmat, hanem a szak\u00e9rt\u0151k is k\u00edv\u00e1ncsian v\u00e1rj\u00e1k, hogyan fog teljes\u00edteni Razgatl\u0131o\u011flu ebben az \u00faj kih\u00edv\u00e1sban. A t\u00f6r\u00f6k versenyz\u0151 eddigi karrierje sor\u00e1n sz\u00e1mos alkalommal bizony\u00edtotta tehets\u00e9g\u00e9t, \u00e9s sokan \u00fagy v\u00e9lik, hogy a MotoGP-ben is sikerrel j\u00e1rhat.<\/p>\n<p>A Prima Pramac Yamaha csapat\u00e1nak d\u00f6nt\u00e9se, hogy Razgatl\u0131o\u011flut szerz\u0151dteti, nem v\u00e9letlen. A csapat c\u00e9lja, hogy er\u0151s\u00edtse poz\u00edci\u00f3j\u00e1t a MotoGP mez\u0151ny\u00e9ben, \u00e9s ehhez egy olyan versenyz\u0151t v\u00e1lasztottak, aki m\u00e1r bizony\u00edtott a nemzetk\u00f6zi versenyp\u00e1ly\u00e1kon. A t\u00f6r\u00f6k motoros dinamikus st\u00edlusa \u00e9s kiv\u00e1l\u00f3 technikai tud\u00e1sa rem\u00e9lhet\u0151leg \u00faj lend\u00fcletet ad a csapatnak.<\/p>\n<p>Razgatl\u0131o\u011flu bel\u00e9p\u00e9se a MotoGP-be tov\u00e1bb sz\u00ednes\u00edti a mez\u0151nyt, \u00e9s \u00fajabb izgalmas versenyeket \u00edg\u00e9r a n\u00e9z\u0151knek. A motorsport rajong\u00f3k izgatottan v\u00e1rj\u00e1k, hogy a t\u00f6r\u00f6k versenyz\u0151 hogyan \u00e1llja meg a hely\u00e9t a vil\u00e1g egyik legkem\u00e9nyebb motorsport sorozat\u00e1ban. Az \u00e1tigazol\u00e1s h\u00edre m\u00e1r most felkeltette az \u00e9rdekl\u0151d\u00e9st, \u00e9s sokan rem\u00e9lik, hogy Razgatl\u0131o\u011flu sikeresen alkalmazkodik az \u00faj k\u00f6rnyezethez, \u00e9s a MotoGP-ben is a legjobbak k\u00f6z\u00f6tt fog szerepelni.<\/p>\n<p>A 2026-os szezon m\u00e9g messze van, de a felk\u00e9sz\u00fcl\u00e9s m\u00e1r most elkezd\u0151d\u00f6tt. Razgatl\u0131o\u011flunak meg kell ismerkednie az \u00faj csapat\u00e1val \u00e9s a MotoGP k\u00fcl\u00f6nleges kih\u00edv\u00e1saival. Az elk\u00f6vetkez\u0151 \u00e9vek eld\u00f6ntik, hogy a t\u00f6r\u00f6k motoros milyen nyomot hagy majd a motorsport t\u00f6rt\u00e9net\u00e9ben, de egy dolog biztos: a vil\u00e1g figyelme r\u00e1 szegez\u0151dik, \u00e9s sokan drukkolnak neki, hogy sikeresen helyt\u00e1lljon a legnagyobbak k\u00f6z\u00f6tt.<\/p>\n","protected":false},"excerpt":{"rendered":"A motorsport vil\u00e1g\u00e1ban izgalmas fejlem\u00e9nyek t\u00f6rt\u00e9ntek, hiszen a tehets\u00e9ges t\u00f6r\u00f6k motorversenyz\u0151, Toprak Razgatl\u0131o\u011flu hivatalosan is csatlakozik a Prima Pramac Yamaha...","protected":false},"author":11,"featured_media":1961,"comment_status":"open","ping_status":"open","sticky":false,"template":"","format":"standard","meta":{"footnotes":""},"categories":[1],"tags":[368,234,367,366,369],"class_list":["post-1962","post","type-post","status-publish","format-standard","has-post-thumbnail","hentry","category-egyeb","tag-368","tag-motogp","tag-prima-pramac-yamaha","tag-toprak-razgatlioglu","tag-torok-motorversenyzo"],"_links":{"self":[{"href":"https:\/\/mvaclub.org\/index.php\/wp-json\/wp\/v2\/posts\/1962","targetHints":{"allow":["GET"]}}],"collection":[{"href":"https:\/\/mvaclub.org\/index.php\/wp-json\/wp\/v2\/posts"}],"about":[{"href":"https:\/\/mvaclub.org\/index.php\/wp-json\/wp\/v2\/types\/post"}],"author":[{"embeddable":true,"href":"https:\/\/mvaclub.org\/index.php\/wp-json\/wp\/v2\/users\/11"}],"replies":[{"embeddable":true,"href":"https:\/\/mvaclub.org\/index.php\/wp-json\/wp\/v2\/comments?post=1962"}],"version-history":[{"count":0,"href":"https:\/\/mvaclub.org\/index.php\/wp-json\/wp\/v2\/posts\/1962\/revisions"}],"wp:featuredmedia":[{"embeddable":true,"href":"https:\/\/mvaclub.org\/index.php\/wp-json\/wp\/v2\/media\/1961"}],"wp:attachment":[{"href":"https:\/\/mvaclub.org\/index.php\/wp-json\/wp\/v2\/media?parent=1962"}],"wp:term":[{"taxonomy":"category","embeddable":true,"href":"https:\/\/mvaclub.org\/index.php\/wp-json\/wp\/v2\/categories?post=1962"},{"taxonomy":"post_tag","embeddable":true,"href":"https:\/\/mvaclub.org\/index.php\/wp-json\/wp\/v2\/tags?post=1962"}],"curies":[{"name":"wp","href":"https:\/\/api.w.org\/{rel}","templated":true}]}}