{"id":1952,"date":"2025-06-09T14:50:27","date_gmt":"2025-06-09T12:50:27","guid":{"rendered":"https:\/\/www.mvaclub.org\/index.php\/2025\/06\/09\/mv-agusta-friss-hirekkel-szolgal-a-pierer-mobility-csoport-tavozasa-utan\/"},"modified":"2025-06-09T14:50:27","modified_gmt":"2025-06-09T12:50:27","slug":"mv-agusta-friss-hirekkel-szolgal-a-pierer-mobility-csoport-tavozasa-utan","status":"publish","type":"post","link":"https:\/\/mvaclub.org\/index.php\/2025\/06\/09\/mv-agusta-friss-hirekkel-szolgal-a-pierer-mobility-csoport-tavozasa-utan\/","title":{"rendered":"MV Agusta Friss H\u00edrekkel Szolg\u00e1l a Pierer Mobility Csoport T\u00e1voz\u00e1sa Ut\u00e1n"},"content":{"rendered":"<figure><img decoding=\"async\" src=\"https:\/\/www.mvaclub.org\/wp-content\/uploads\/2025\/06\/fallback_3967.jpg\" alt=\"MV Agusta Friss H\u00edrekkel Szolg\u00e1l a Pierer Mobility Csoport T\u00e1voz\u00e1sa Ut\u00e1n\" style=\"width:100%;margin-bottom:1em;\" title=\"\"><\/figure>\n<p>Az MV Agusta motoros vil\u00e1g\u00e1ban izgalmas v\u00e1ltoz\u00e1sok k\u00f6vetkeztek be. A h\u00edres olasz motorker\u00e9kp\u00e1r-gy\u00e1rt\u00f3 nemr\u00e9giben hivatalosan is elv\u00e1lt a Pierer Mobility Groupt\u00f3l, amely a KTM anyav\u00e1llalata, \u00e9s az\u00f3ta \u00faj ir\u00e1nyvonalat k\u00f6vet. A v\u00e1llalat m\u00e1ris belevetette mag\u00e1t az \u00f6n\u00e1ll\u00f3 j\u00f6v\u0151 fel\u00e9p\u00edt\u00e9s\u00e9be, \u00e9s egy vadonat\u00faj motor bemutat\u00e1s\u00e1ra k\u00e9sz\u00fcl Varese v\u00e1ros\u00e1b\u00f3l.<\/p>\n<p>A motoros k\u00f6z\u00f6ss\u00e9g sz\u00e1m\u00e1ra nem \u00fajdons\u00e1g, hogy a m\u00e1rk\u00e1k k\u00f6z\u00f6tti egy\u00fcttm\u0171k\u00f6d\u00e9sek \u00e9s f\u00fazi\u00f3k gyakran vezetnek v\u00e1ltoz\u00e1sokhoz, de az MV Agusta ezen l\u00e9p\u00e9se val\u00f3di m\u00e9rf\u00f6ldk\u0151. Most, hogy a v\u00e1llalat visszanyerte f\u00fcggetlens\u00e9g\u00e9t, nagy lend\u00fclettel v\u00e1g bele az \u00faj projektekbe. Az MV Agusta mindig is h\u00edres volt ikonikus, st\u00edlusos \u00e9s nagy teljes\u00edtm\u00e9ny\u0171 motorjair\u00f3l, \u00edgy nem meglep\u0151, hogy az \u00faj modell is hasonl\u00f3an magas elv\u00e1r\u00e1sokat t\u00e1maszt maga el\u00e9.<\/p>\n<p>A Varese-ben k\u00e9sz\u00fcl\u0151 \u00faj motorral az MV Agusta c\u00e9lja, hogy tov\u00e1bb er\u0151s\u00edtse m\u00e1rkaidentit\u00e1s\u00e1t. Az olasz m\u00e9rn\u00f6ki precizit\u00e1s \u00e9s a szenved\u00e9lyes diz\u00e1jn mindig is a v\u00e1llalat v\u00e9djegyei voltak, melyek most m\u00e9g hangs\u00falyosabb\u00e1 v\u00e1lhatnak a f\u00fcggetlen m\u0171k\u00f6d\u00e9s keret\u00e9ben. Az \u00faj motor r\u00e9szleteir\u0151l ugyan m\u00e9g keveset tudni, de a rajong\u00f3k \u00e9s a motoros sajt\u00f3 m\u00e1r most izgatottan v\u00e1rj\u00e1k a fejlem\u00e9nyeket.<\/p>\n<p>Egyes szak\u00e9rt\u0151k \u00fagy v\u00e9lik, hogy a f\u00fcggetlened\u00e9s lehet\u0151s\u00e9get ad az MV Agusta sz\u00e1m\u00e1ra, hogy \u00fajra\u00e9rtelmezze a motorgy\u00e1rt\u00e1st \u00e9s innovat\u00edv megold\u00e1sokkal rukkoljon el\u0151. A v\u00e1llalat most lehet\u0151s\u00e9get kap arra, hogy saj\u00e1t \u00fatj\u00e1t j\u00e1rja, \u00e9s m\u00e9g ink\u00e1bb kiakn\u00e1zza kreat\u00edv potenci\u00e1lj\u00e1t.<\/p>\n<p>Az elk\u00f6vetkez\u0151 id\u0151szak izgalmasnak \u00edg\u00e9rkezik az MV Agusta sz\u00e1m\u00e1ra, hiszen a f\u00fcggetlens\u00e9g \u00faj lehet\u0151s\u00e9geket \u00e9s kih\u00edv\u00e1sokat is tartogat. A motorrajong\u00f3knak \u00e9rdemes lesz figyelemmel k\u00f6vetni a v\u00e1llalat l\u00e9p\u00e9seit, hiszen a hamarosan bemutat\u00e1sra ker\u00fcl\u0151 motor \u00faj korszak nyit\u00e1ny\u00e1t jelentheti az olasz gy\u00e1rt\u00f3 sz\u00e1m\u00e1ra. Az MV Agusta t\u00f6rt\u00e9nete most \u00faj fejezethez \u00e9rkezett, mely tele van v\u00e1rakoz\u00e1ssal \u00e9s \u00edg\u00e9retekkel.<\/p>\n","protected":false},"excerpt":{"rendered":"Az MV Agusta motoros vil\u00e1g\u00e1ban izgalmas v\u00e1ltoz\u00e1sok k\u00f6vetkeztek be. A h\u00edres olasz motorker\u00e9kp\u00e1r-gy\u00e1rt\u00f3 nemr\u00e9giben hivatalosan is elv\u00e1lt a Pierer Mobility...","protected":false},"author":11,"featured_media":1951,"comment_status":"open","ping_status":"open","sticky":false,"template":"","format":"standard","meta":{"footnotes":""},"categories":[1],"tags":[351,304,350,352,353],"class_list":["post-1952","post","type-post","status-publish","format-standard","has-post-thumbnail","hentry","category-egyeb","tag-fuggetlenseg","tag-ktm","tag-mv-agusta-2","tag-pierer-mobility-group","tag-uj-motorkerekpar"],"_links":{"self":[{"href":"https:\/\/mvaclub.org\/index.php\/wp-json\/wp\/v2\/posts\/1952","targetHints":{"allow":["GET"]}}],"collection":[{"href":"https:\/\/mvaclub.org\/index.php\/wp-json\/wp\/v2\/posts"}],"about":[{"href":"https:\/\/mvaclub.org\/index.php\/wp-json\/wp\/v2\/types\/post"}],"author":[{"embeddable":true,"href":"https:\/\/mvaclub.org\/index.php\/wp-json\/wp\/v2\/users\/11"}],"replies":[{"embeddable":true,"href":"https:\/\/mvaclub.org\/index.php\/wp-json\/wp\/v2\/comments?post=1952"}],"version-history":[{"count":0,"href":"https:\/\/mvaclub.org\/index.php\/wp-json\/wp\/v2\/posts\/1952\/revisions"}],"wp:featuredmedia":[{"embeddable":true,"href":"https:\/\/mvaclub.org\/index.php\/wp-json\/wp\/v2\/media\/1951"}],"wp:attachment":[{"href":"https:\/\/mvaclub.org\/index.php\/wp-json\/wp\/v2\/media?parent=1952"}],"wp:term":[{"taxonomy":"category","embeddable":true,"href":"https:\/\/mvaclub.org\/index.php\/wp-json\/wp\/v2\/categories?post=1952"},{"taxonomy":"post_tag","embeddable":true,"href":"https:\/\/mvaclub.org\/index.php\/wp-json\/wp\/v2\/tags?post=1952"}],"curies":[{"name":"wp","href":"https:\/\/api.w.org\/{rel}","templated":true}]}}