{"id":1126,"date":"2022-02-28T20:58:22","date_gmt":"2022-02-28T19:58:22","guid":{"rendered":"https:\/\/www.mvagusta-klub.hu\/?p=748"},"modified":"2023-01-10T18:42:32","modified_gmt":"2023-01-10T17:42:32","slug":"visszatekintes-a-multba-honda-africa-twin","status":"publish","type":"post","link":"https:\/\/mvaclub.org\/index.php\/2022\/02\/28\/visszatekintes-a-multba-honda-africa-twin\/","title":{"rendered":"Visszatekint\u00e9s a m\u00faltba: Honda Africa Twin"},"content":{"rendered":"<p>A Honda Africa Twin egy olyan motorker\u00e9kp\u00e1r volt, amelyet a Honda n\u00e9gy v\u00e1ltozatban gy\u00e1rtott 1988-t\u00f3l 1989-ig XRV650 n\u00e9ven, 1990 \u00e9s 2003 k\u00f6z\u00f6tt XRV750T n\u00e9ven, 2016-t\u00f3l 2019-ig CRF1000L n\u00e9ven, \u00e9s 2020-t\u00f3l pedig CRF1100L n\u00e9ven.<\/p>\n<p><img fetchpriority=\"high\" decoding=\"async\" class=\"alignnone wp-image-750 size-large\" src=\"https:\/\/www.mvaclub.org\/wp-content\/uploads\/2022\/02\/bdcw-honda-africa-lower-engine-bars-561x374.jpg\" alt=\"\" width=\"1024\" height=\"683\" title=\"\"><\/p>\n<p>Az XRV750 Africa Twin egy 742 k\u00f6bcentim\u00e9teres sportmotorker\u00e9kp\u00e1r volt, mely n\u00e9gyszer nyerte meg a P\u00e1rizs-Dakar rallyt az 1980-as \u00e9vek v\u00e9g\u00e9n. Dupla f\u00e9nysz\u00f3r\u00f3val, sz\u00e9lv\u00e9d\u0151vel \u00e9s hossz\u00fa kett\u0151s \u00fcl\u00e9ssel volt ell\u00e1tva, az alum\u00ednium alaplemez pedig v\u00e9di a motor alj\u00e1t a felver\u0151d\u0151 k\u00f6vekt\u0151l \u00e9s az \u00fct\u00e9sekt\u0151l. 1993-ban a ker\u00e9kp\u00e1rt alaposan \u00e1ttervezt\u00e9k, bele\u00e9rtve az \u00faj v\u00e1zat, a karossz\u00e9ria m\u0171anyagait, az \u00fczemanyagtart\u00e1lyt \u00e9s a motor \u00fcl\u00e9s\u00e9t is. Manaps\u00e1g a j\u00f3 \u00e1llapotban l\u00e9v\u0151 haszn\u00e1lt darabok igen keresettek a rajong\u00f3k k\u00f6r\u00e9ben.<\/p>\n<p><img decoding=\"async\" class=\"alignnone wp-image-753 size-full\" src=\"https:\/\/www.mvaclub.org\/wp-content\/uploads\/2022\/02\/bdcw-honda-africa-twin-radiator-guard-1-561x561.jpg\" alt=\"\" width=\"900\" height=\"552\" title=\"\"><\/p>\n<p>A CRF1000L egy 998 k\u00f6bcentis motor, mellyel 2016-ban feleleven\u00edtett\u00e9k az Africa Twin nevet. Az Egyes\u00fclt Kir\u00e1lys\u00e1gban 2015 v\u00e9g\u00e9n, az Egyes\u00fclt \u00c1llamokban pedig 2016-ban v\u00e1lt el\u00e9rhet\u0151v\u00e9. El\u0151dei alapj\u00e1n fejlesztett\u00e9k, de a Honda ezt m\u00e1r k\u00f6z\u00fati haszn\u00e1latra is tervezte, vagyis k\u00f6nnyebb terepekre.<\/p>\n<p><img decoding=\"async\" class=\"alignnone wp-image-751 size-full\" src=\"https:\/\/www.mvaclub.org\/wp-content\/uploads\/2022\/02\/honda-africa-twin-mirrors-hand-guards-561x374.jpg\" alt=\"\" width=\"1024\" height=\"683\" title=\"\"><\/p>\n<p>Az eredeti XRV650 Africa Twin nagy sikerei miatt, vagyis a n\u00e9gyszeres sivatagi rally gy\u0151zelme miatt a 2020-as Africa Twin \u00faj fejezetett nyitott ennek a legend\u00e1nak. Az \u00faj CRF1100L Africa Twin lehet\u0151s\u00e9get ny\u00fajt a nagy t\u00e1vols\u00e1gok k\u00e9nyelmes megt\u00e9tel\u00e9re a 24,5 literes \u00fczemanyagtart\u00e1ly\u00e1val. Az \u00fcl\u00e9se \u00e9s a k\u00e9perny\u0151je is \u00e1ll\u00edthat\u00f3 magass\u00e1g\u00fa, a markolatai pedig f\u0171t\u00f6ttek. Az \u00faj, kett\u0151s LED-es f\u00e9nysz\u00f3r\u00f3k nappali menetf\u00e9nyekkel rendelkeznek a folyamatos nappali l\u00e1that\u00f3s\u00e1g \u00e9rdek\u00e9ben. Hosszabb utak megt\u00e9tel\u00e9hez igen hasznos a sebess\u00e9gtart\u00f3 automatika is.<\/p>\n<p><img loading=\"lazy\" decoding=\"async\" class=\"alignnone wp-image-752 size-large\" src=\"https:\/\/www.mvagusta-klub.hu\/wp-content\/uploads\/2022\/02\/bdcw-honda-africa-twin-skidplate-2-561x374.jpg\" alt=\"\" width=\"1024\" height=\"576\" title=\"\"><\/p>\n<p>Vide\u00f3k:<\/p>\n<p><a href=\"https:\/\/www.youtube.com\/watch?v=6M1u1GY1Gb4\" target=\"_blank\" rel=\"noopener\">https:\/\/www.youtube.com\/watch?v=6M1u1GY1Gb4<\/a><\/p>\n<p><a href=\"https:\/\/www.youtube.com\/watch?v=hWGTvWQ9UCA\" target=\"_blank\" rel=\"noopener\">https:\/\/www.youtube.com\/watch?v=hWGTvWQ9UCA<\/a><\/p>\n<p><a href=\"https:\/\/www.youtube.com\/watch?v=tMILVr42zR4\" target=\"_blank\" rel=\"noopener\">https:\/\/www.youtube.com\/watch?v=tMILVr42zR4<\/a><\/p>\n<p>N\u00e9h\u00e1ny elad\u00f3 darab:<\/p>\n<p><a href=\"https:\/\/www.autotrader.co.uk\/bike-details\/202202252932557?advertising-location=at_bikes\" target=\"_blank\" rel=\"noopener\">https:\/\/www.autotrader.co.uk\/bike-details\/202202252932557?advertising-location=at_bikes<\/a><\/p>\n<p><a href=\"https:\/\/www.autotrader.co.uk\/bike-details\/202202212806480?advertising-location=at_bikes\" target=\"_blank\" rel=\"noopener\">https:\/\/www.autotrader.co.uk\/bike-details\/202202212806480?advertising-location=at_bikes<\/a><\/p>\n<p><a href=\"https:\/\/www.autotrader.co.uk\/bike-details\/202202182717060?advertising-location=at_bikes\" target=\"_blank\" rel=\"noopener\">https:\/\/www.autotrader.co.uk\/bike-details\/202202182717060?advertising-location=at_bikes<\/a><\/p>\n<p>&nbsp;<\/p>\n","protected":false},"excerpt":{"rendered":"A Honda Africa Twin egy olyan motorker\u00e9kp\u00e1r volt, amelyet a Honda n\u00e9gy v\u00e1ltozatban gy\u00e1rtott 1988-t\u00f3l 1989-ig XRV650 n\u00e9ven, 1990 \u00e9s...","protected":false},"author":3,"featured_media":1127,"comment_status":"open","ping_status":"open","sticky":false,"template":"","format":"standard","meta":{"footnotes":""},"categories":[3],"tags":[28,29,39,22],"class_list":["post-1126","post","type-post","status-publish","format-standard","has-post-thumbnail","hentry","category-uncategorized","tag-africa-twin","tag-honda","tag-motorkerekpar","tag-mvagusta"],"_links":{"self":[{"href":"https:\/\/mvaclub.org\/index.php\/wp-json\/wp\/v2\/posts\/1126","targetHints":{"allow":["GET"]}}],"collection":[{"href":"https:\/\/mvaclub.org\/index.php\/wp-json\/wp\/v2\/posts"}],"about":[{"href":"https:\/\/mvaclub.org\/index.php\/wp-json\/wp\/v2\/types\/post"}],"author":[{"embeddable":true,"href":"https:\/\/mvaclub.org\/index.php\/wp-json\/wp\/v2\/users\/3"}],"replies":[{"embeddable":true,"href":"https:\/\/mvaclub.org\/index.php\/wp-json\/wp\/v2\/comments?post=1126"}],"version-history":[{"count":7,"href":"https:\/\/mvaclub.org\/index.php\/wp-json\/wp\/v2\/posts\/1126\/revisions"}],"predecessor-version":[{"id":1347,"href":"https:\/\/mvaclub.org\/index.php\/wp-json\/wp\/v2\/posts\/1126\/revisions\/1347"}],"wp:featuredmedia":[{"embeddable":true,"href":"https:\/\/mvaclub.org\/index.php\/wp-json\/wp\/v2\/media\/1127"}],"wp:attachment":[{"href":"https:\/\/mvaclub.org\/index.php\/wp-json\/wp\/v2\/media?parent=1126"}],"wp:term":[{"taxonomy":"category","embeddable":true,"href":"https:\/\/mvaclub.org\/index.php\/wp-json\/wp\/v2\/categories?post=1126"},{"taxonomy":"post_tag","embeddable":true,"href":"https:\/\/mvaclub.org\/index.php\/wp-json\/wp\/v2\/tags?post=1126"}],"curies":[{"name":"wp","href":"https:\/\/api.w.org\/{rel}","templated":true}]}}